{"id":160757,"date":"2025-12-15T09:47:57","date_gmt":"2025-12-15T07:47:57","guid":{"rendered":"https:\/\/lavozdehellin.com\/noticias\/?p=160757"},"modified":"2025-12-16T19:19:29","modified_gmt":"2025-12-16T17:19:29","slug":"v10-491-lvh-noticias-la-diputacion-de-albacete-clausura-su-circuito-provincial-de-carreras-populares-con-record-historico-de-participacion-sumando-mas-de-35-000-deportistas-y-pone-rumbo-al-25o-anivers","status":"publish","type":"post","link":"https:\/\/lavozdehellin.com\/noticias\/v10-491-lvh-noticias-la-diputacion-de-albacete-clausura-su-circuito-provincial-de-carreras-populares-con-record-historico-de-participacion-sumando-mas-de-35-000-deportistas-y-pone-rumbo-al-25o-anivers\/","title":{"rendered":"LVH NOTICIAS | LA DIPUTACI\u00d3N DE ALBACETE CLAUSURA SU CIRCUITO PROVINCIAL DE CARRERAS POPULARES CON R\u00c9CORD HIST\u00d3RICO DE PARTICIPACI\u00d3N, SUMANDO M\u00c1S DE 35.000 DEPORTISTAS, Y PONE RUMBO AL 25\u00ba ANIVERSARIO"},"content":{"rendered":"<p style=\"text-align: justify;\">El presidente de la instituci\u00f3n, Santi Caba\u00f1ero, ha presidido el acto, avanzando m\u00e1s de 50 actividades para celebrar este cuarto de siglo de vida<\/p>\n<p><!--more--><br \/>\n<!--publicidad-voz01--><a href=\"https:\/\/www.facebook.com\/SoloRadioHellin\/?locale=es_ES\"><img decoding=\"async\" class=\"alignnone size-medium\" src=\"https:\/\/blogger.googleusercontent.com\/img\/b\/R29vZ2xl\/AVvXsEiNncirNnyGedv00mhjZjh5Wl4_YPdJGanoAl8tL8zH-HwqE8uHqjEfSt340RHdx-9tuCSIkZ8rFamZiGyYlgDGxCsmXjCH_1xk5eYM3ntFZRvJP_jndOKR7w1UAo9Tu0vrZyOLfqRpHIxYI5SymJJ-pfGCQw6QVpggBH-UgfjiFQ2JOxqxG0Jx94kW83c\/s1600\/logo-principal.jpg\" width=\"100%\" height=\"100\" \/><\/a><!--bestpublic-voz01--><!--desk-in-out-voz01--><br \/>\n<!--publicidad-voz02--><a href=\"https:\/\/www.hellincf.com\/\"><img decoding=\"async\" class=\"alignnone size-medium\" src=\"https:\/\/blogger.googleusercontent.com\/img\/b\/R29vZ2xl\/AVvXsEhuZ4-XfBVj3UtdP8-RZugy3WVrg-Zv28c53m4oV47qYCxL1rX_dqWX_YddsGSnpH5SRDqZ7bZeKPIfDVCDncpjVlhy3aQs2vojcJBn7Gdv9hC2_Nzct_pRFrnFE1a7KTCdY1bT_kAgnY3-iadRZrGeJf1fR2P5fu11bokx0pWjaypoy-ctwCjklldpEbA\/s1600\/logo-principal7.jpg\" width=\"100%\" height=\"100\" \/><\/a><!--bestpublic-voz02--><!--desk-in-out-voz02--><\/p>\n<p style=\"text-align: justify;\">La Diputaci\u00f3n de Albacete ha celebrado este viernes la gala de clausura y entrega de premios del 24\u00ba Circuito Provincial de Carreras Populares, un evento que ha reunido a atletas, clubes, representantes municipales y entidades colaboradoras para cerrar la edici\u00f3n m\u00e1s multitudinaria y vibrante de su trayectoria, con m\u00e1s de 35.000 deportistas.<\/p>\n<p style=\"text-align: justify;\">El presidente del Gobierno provincial, Santi Caba\u00f1ero, ha presidido esta \u201cfiesta en may\u00fasculas del deporte\u201d, acompa\u00f1ado del diputado del \u00e1rea, Daniel Sancha, as\u00ed como de otros miembros de la Corporaci\u00f3n, y ha dejado claro que se trata de un \u201cd\u00eda grande para el atletismo provincial\u201d, remarcando la trayectoria y el reconocimiento que ha alcanzado esta competici\u00f3n, \u201cel mejor Circuito de Carreras Populares de toda Espa\u00f1a, convertido en una se\u00f1a de identidad de esta tierra\u201d.<\/p>\n<p style=\"text-align: justify;\">Caba\u00f1ero ha comenzado sus palabras agradeciendo y felicitando \u201cde coraz\u00f3n\u201d a cada atleta que ha participado, asegurando que \u201cson los verdaderos art\u00edfices de esta historia de \u00e9xito que es nuestro Circuito; son su coraz\u00f3n y nos emociona la manera en la que llen\u00e1is de vida cada rinc\u00f3n de esta provincia\u201d, y ha destacado que, a trav\u00e9s de cada experiencia personal, \u201cunos corr\u00e9is por salud, otros por amistad, por un sue\u00f1o, por superar un desaf\u00edo, por amor al deporte\u2026\u201d, han creado algo que trasciende la actividad deportiva: una gran comunidad, incidiendo en que \u201cel deporte popular nos ense\u00f1a que todos sum\u00e1is en esta gran familia\u201d.<\/p>\n<p style=\"text-align: justify;\">Destaca el incremento en la participaci\u00f3n femenina: de 641 a casi 10.000 corredoras<\/p>\n<p style=\"text-align: justify;\">Adem\u00e1s, ha subrayado que esta edici\u00f3n \u201cha superado todas las expectativas y ha batido todos los r\u00e9cords, convirti\u00e9ndose en la mayor celebraci\u00f3n deportiva estable de la provincia\u201d. Por primera vez en sus 24 a\u00f1os, el Circuito alcanza los 35.127 corredores y corredoras (un 19 por ciento m\u00e1s de participaci\u00f3n que en 2024) y encara la celebraci\u00f3n de su 25 aniversario, \u201cque ser\u00e1 por todo lo alto\u201d, revitalizado y con una imagen propia, que se ha presentado esta noche.<\/p>\n<p style=\"text-align: justify;\">En este sentido, el presidente provincial se ha detenido en las cifras, para destacar que esta competici\u00f3n acumula m\u00e1s de medio mill\u00f3n de deportistas en sus 24 a\u00f1os, y ha puesto el foco en \u201cuno de los incrementos m\u00e1s significativos\u201d, el de la participaci\u00f3n femenina, que este a\u00f1o ha alcanzado el 25%, dos puntos m\u00e1s que en la pasada edici\u00f3n.<\/p>\n<p style=\"text-align: justify;\">Lo que supone \u201cuna evoluci\u00f3n que nos enorgullece\u201d, pasando de 641 mujeres en las primeras pruebas a las casi 10.000 corredoras actuales, \u201cla cifra m\u00e1s elevada en la historia del circuito\u201d.<\/p>\n<p style=\"text-align: justify;\">Un avance que se comprende a\u00fan mejor si se tiene en cuenta que m\u00e1s de 1.000 familias han utilizado las ludotecas infantiles habilitadas por la Diputaci\u00f3n, de la mano de los ayuntamientos, para favorecer la corresponsabilidad y reforzar la presencia femenina en las pruebas.<\/p>\n<p style=\"text-align: justify;\">Reconocimientos, premios y protagonistas de un a\u00f1o inolvidable<\/p>\n<p style=\"text-align: justify;\">Durante su intervenci\u00f3n, el presidente provincial tambi\u00e9n ha felicitado expresamente a quienes han subido al podio: Jos\u00e9 Antonio Hern\u00e1ndez Navajas, Jes\u00fas Montejano Pati\u00f1o; Pablo Villena Ferrer, David Morcillo Garc\u00eda y Bernardo Maestre S\u00e1nchez en la categor\u00eda masculina; Mar\u00eda \u00c1ngeles Mag\u00e1n Talavera, Mar\u00eda del Carmen Risue\u00f1o S\u00e1nchez, Eva Valera Garc\u00eda, Sandra Ruiz Picazo, Rebeca Juncos Alfaro en la femenina.<\/p>\n<p style=\"text-align: justify;\">Del mismo modo, ha tenido palabras de reconocimiento para los equipos \u2018campeones\u2019, con el Club Albacete-Diputaci\u00f3n de Albacete imponi\u00e9ndose en la categor\u00eda mixta y el Club de Atletismo Kronos en la femenina, as\u00ed como para los seis atletas que han logrado completar todas las pruebas, quienes han recibido el tradicional premio \u2018Samuel And\u00fajar\u2019 (Jos\u00e9 Andr\u00e9s Checa Delgado, Pedro G\u00f3mez Garc\u00eda, Sebasti\u00e1n Manuel G\u00f3mez Rodr\u00edguez, \u00c1ngel Lozano Palencia; Laura Mart\u00ednez Cantos y Jorge Mart\u00ednez Garc\u00eda).<\/p>\n<p style=\"text-align: justify;\">Y se ha dirigido muy especialmente a Manolo L\u00f3pez que, con 84 a\u00f1os, se ha hecho merecedor del Premio \u2018Pepe Llorens\u2019, como corredor m\u00e1s veterano. En una edici\u00f3n en la que Hell\u00edn ha conquistado el premio a la \u2018Prueba m\u00e1s Sostenible\u2019 con su Media Marat\u00f3n y donde 620 corredores y corredoras han completado 16 pruebas, obteniendo as\u00ed el emblem\u00e1tico \u2018ch\u00e1ndal manchego-albacete\u00f1o\u2019, dise\u00f1ado especialmente para la ocasi\u00f3n.<\/p>\n<p style=\"text-align: justify;\">En esta l\u00ednea, Caba\u00f1ero tambi\u00e9n ha querido agradecer la implicaci\u00f3n, el compromiso y la complicidad tanto de los ayuntamientos, con muchos de sus alcaldes, alcaldesas y concejales presentes en la gala; de los clubes, personas voluntarias, patrocinadores, Cuerpos y Fuerzas de Seguridad del Estado y familias, as\u00ed como \u201cel gran trabajo del Equipo Provincial de Deportes de la Diputaci\u00f3n\u201d.<\/p>\n<p style=\"text-align: justify;\">\u201cCada carrera ha sido un ejemplo de organizaci\u00f3n, de seguridad y de entrega. Cada municipio ha mostrado su mejor versi\u00f3n, abriendo sus calles a cientos de corredores que han hecho posible la edici\u00f3n m\u00e1s multitudinaria y vibrante de nuestra historia\u201d, ha se\u00f1alado.<\/p>\n<p style=\"text-align: justify;\">Asimismo, el presidente ha aprovechado la clausura para reafirmar el compromiso de la instituci\u00f3n provincial con el deporte y con los circuitos que vertebran Albacete, que han sumado unas 300 pruebas y m\u00e1s de 70.000 deportistas. De hecho, el Presupuesto Provincial, aprobado hoy mismo, contempla m\u00e1s de 3.500.000 euros para el \u00e1rea de Deportes y Juventud.<\/p>\n<p style=\"text-align: justify;\">Rumbo al 25\u00ba aniversario: m\u00e1s de medio centenar de actividades en 2026<\/p>\n<p style=\"text-align: justify;\">La clausura ha servido tambi\u00e9n para anunciar el inicio del camino hacia el 25\u00ba aniversario del Circuito, que se celebrar\u00e1 a lo largo de 2026. Una efem\u00e9ride que \u201cnos desaf\u00eda a seguir creciendo\u201d, ha apuntado Caba\u00f1ero, avanzando que se han programado m\u00e1s de medio centenar de actividades que se presentar\u00e1n oficialmente en FITUR Sport, aunque ha dado algunos detalles.<\/p>\n<p style=\"text-align: justify;\">El pr\u00f3ximo a\u00f1o nos traer\u00e1 charlas con profesionales vinculados al sector, diferentes campa\u00f1as y jornadas, visitas deportivas, entrenamientos con escuelas de atletismo, exposiciones fotogr\u00e1ficas, acciones solidarias, concursos, degustaciones gastron\u00f3micas, presentaciones de libros, encuentros de clubes, reconocimientos, propuestas de social running o una carrera inclusiva, y tambi\u00e9n la presencia de influencers, entre otras muchas sorpresas.<\/p>\n<p style=\"text-align: justify;\">Adem\u00e1s, cada mes tendr\u00e1 una tem\u00e1tica propia vinculada al deporte: salud y bienestar, lucha contra la despoblaci\u00f3n, igualdad, sostenibilidad, educaci\u00f3n, cooperaci\u00f3n, orgullo local, historia, accesibilidad\u2026<\/p>\n<p style=\"text-align: justify;\">\u201cSeguiremos apostando por circuitos m\u00e1s justos, igualitarios, sostenibles y accesibles. Algo en lo que trabajamos a trav\u00e9s de nuestro \u2018Cuerpo de voluntarios y voluntarias de apoyo a la discapacidad, en colaboraci\u00f3n con ONCE y Metasport\u201d, ha a\u00f1adido Caba\u00f1ero, que se ha despedido reivindicando la importancia del deporte \u201cen nuestras vidas y en nuestras sociedades y eso es algo de lo que vosotros y vosotras sois ejemplo\u201d.<\/p>\n<p><!--publicidad-voz03--><a href=\"https:\/\/www.facebook.com\/profile.php?id=100063593791305&amp;locale=es_ES\"><img decoding=\"async\" class=\"alignnone size-medium\" src=\"https:\/\/blogger.googleusercontent.com\/img\/b\/R29vZ2xl\/AVvXsEi8_n_ll8UOcGxCqzFvb_9Io4ICczlGC990BPtPj2w9Px-u7B3oqWUW5vtjZUqPNJ-nyjiUIorE0ATsib_l5tV8BVN-UJ03RTnU__IHJF_4DgDBtY4LIqXNG-FomrO-7ywes20CBCRM2Hcm7EJSh3UUw1dO-c_uTflUrtgY1i7uBRezj_DpympmEFkfbQY\/s1600\/logo-principal2.jpg\" width=\"100%\" height=\"100\" \/><\/a><!--bestpublic-voz03--><!--desk-in-out-voz03--><br \/>\n<!--publicidad-voz04--><a href=\"https:\/\/www.facebook.com\/profile.php?id=61557370768692&amp;locale=es_ES\"><img decoding=\"async\" class=\"alignnone size-medium\" src=\"https:\/\/blogger.googleusercontent.com\/img\/b\/R29vZ2xl\/AVvXsEgy5RdcfffrnrItnYTcV9bCJjgJwldsQLWssfVfrLbyfXeBNTFKgBf0rMIvhrUaGUhiXzVr9_eQgCbi-j63ZDpfTvLIty9w7s140y-m1yHe7eKmEK7v2NAHUJDVYGdfeiQFeRCqUjdwWmN1MX_AUxxz4IVdJ4WIM0APxit8bjWkXzrnEFGqBvW_1F13H1g\/s1600\/logo-principal5.jpg\" width=\"100%\" height=\"100\" \/><\/a><!--bestpublic-voz04--><!--desk-in-out-voz04--><br \/>\n<!--publicidad-voz05--><a href=\"https:\/\/www.facebook.com\/asociaciontamborileroshellin?locale=es_ES\"><img decoding=\"async\" class=\"alignnone size-medium\" src=\"https:\/\/blogger.googleusercontent.com\/img\/b\/R29vZ2xl\/AVvXsEhHEEpZsKK1VpwiYMrS7aE2ujtqIDZoLd4B5wtbiseSU9s2HdTdQfhF84So2XwEB1fv0BLw95GADm6hUl1bkKtzh-eIgVigXONuu_5RxeIMPhjk8q6uNX4EaEHbooKkbu7pCADWPpVJjhKIH5NQSJpWqedC-YBez4QAQeJYokkLot9bhrIaUAeztsGis6M\/s1600\/logo-principal3.jpg\" width=\"100%\" height=\"100\" \/><\/a><!--bestpublic-voz05--><!--desk-in-out-voz05--><br \/>\n<!--publicidad-voz06--><!--bestpublic-voz06--><!--desk-in-out-voz06--><br \/>\n<!--publicidad-voz07--><!--bestpublic-voz07--><!--desk-in-out-voz07--><br \/>\n<!--publicidad-voz08--><!--bestpublic-voz08--><!--desk-in-out-voz08--><br \/>\n<!--publicidad-voz09--><!--bestpublic-voz09--><!--desk-in-out-voz09--><br \/>\n<!--publicidad-voz10--><!--bestpublic-voz10--><!--desk-in-out-voz10--><br \/>\n<!--publicidad-voz11--><!--bestpublic-voz11--><!--desk-in-out-voz11--><br \/>\n<!--publicidad-voz12--><!--bestpublic-voz12--><!--desk-in-out-voz12--><br \/>\n<!--publicidad-voz13--><!--bestpublic-voz13--><!--desk-in-out-voz13--><br \/>\n<!--publicidad-voz14--><!--bestpublic-voz14--><!--desk-in-out-voz14--><br \/>\n<!--publicidad-voz15--><!--bestpublic-voz15--><!--desk-in-out-voz15--><br \/>\n<!--publicidad-voz16--><!--bestpublic-voz16--><!--desk-in-out-voz16--><\/p>\n","protected":false},"excerpt":{"rendered":"<p>El presidente de la instituci\u00f3n, Santi Caba\u00f1ero, ha presidido el acto, avanzando m\u00e1s de 50 actividades para celebrar este cuarto de siglo de vida<\/p>\n","protected":false},"author":2,"featured_media":160758,"comment_status":"closed","ping_status":"closed","sticky":false,"template":"","format":"standard","meta":{"footnotes":""},"categories":[761,718,715,716,717],"tags":[],"class_list":["post-160757","post","type-post","status-publish","format-standard","has-post-thumbnail","hentry","category-blog-lv042","category-blogger","category-la-voz-de-hellin","category-la-voz-de-hellin-la-voz-de-hellin","category-noticias"],"_links":{"self":[{"href":"https:\/\/lavozdehellin.com\/noticias\/wp-json\/wp\/v2\/posts\/160757","targetHints":{"allow":["GET"]}}],"collection":[{"href":"https:\/\/lavozdehellin.com\/noticias\/wp-json\/wp\/v2\/posts"}],"about":[{"href":"https:\/\/lavozdehellin.com\/noticias\/wp-json\/wp\/v2\/types\/post"}],"author":[{"embeddable":true,"href":"https:\/\/lavozdehellin.com\/noticias\/wp-json\/wp\/v2\/users\/2"}],"replies":[{"embeddable":true,"href":"https:\/\/lavozdehellin.com\/noticias\/wp-json\/wp\/v2\/comments?post=160757"}],"version-history":[{"count":0,"href":"https:\/\/lavozdehellin.com\/noticias\/wp-json\/wp\/v2\/posts\/160757\/revisions"}],"wp:featuredmedia":[{"embeddable":true,"href":"https:\/\/lavozdehellin.com\/noticias\/wp-json\/wp\/v2\/media\/160758"}],"wp:attachment":[{"href":"https:\/\/lavozdehellin.com\/noticias\/wp-json\/wp\/v2\/media?parent=160757"}],"wp:term":[{"taxonomy":"category","embeddable":true,"href":"https:\/\/lavozdehellin.com\/noticias\/wp-json\/wp\/v2\/categories?post=160757"},{"taxonomy":"post_tag","embeddable":true,"href":"https:\/\/lavozdehellin.com\/noticias\/wp-json\/wp\/v2\/tags?post=160757"}],"curies":[{"name":"wp","href":"https:\/\/api.w.org\/{rel}","templated":true}]}}