{"id":160760,"date":"2025-12-15T09:43:11","date_gmt":"2025-12-15T07:43:11","guid":{"rendered":"https:\/\/lavozdehellin.com\/noticias\/?p=160760"},"modified":"2025-12-16T19:19:29","modified_gmt":"2025-12-16T17:19:29","slug":"v10-490-lvh-noticias-fundacion-globalcaja-la-roda-81-tobarra-cb-68","status":"publish","type":"post","link":"https:\/\/lavozdehellin.com\/noticias\/v10-490-lvh-noticias-fundacion-globalcaja-la-roda-81-tobarra-cb-68\/","title":{"rendered":"LVH NOTICIAS | FUNDACI\u00d3N GLOBALCAJA LA RODA, 81 &#8211; TOBARRA CB,  68"},"content":{"rendered":"<p style=\"text-align: justify;\">FUNDACI\u00d3N GLOBALCAJA LA RODA 81 &#8211; TOBARRA CB 68<\/p>\n<p><!--more--><br \/>\n<!--publicidad-voz01--><a href=\"https:\/\/www.facebook.com\/SoloRadioHellin\/?locale=es_ES\"><img decoding=\"async\" class=\"alignnone size-medium\" src=\"https:\/\/blogger.googleusercontent.com\/img\/b\/R29vZ2xl\/AVvXsEiNncirNnyGedv00mhjZjh5Wl4_YPdJGanoAl8tL8zH-HwqE8uHqjEfSt340RHdx-9tuCSIkZ8rFamZiGyYlgDGxCsmXjCH_1xk5eYM3ntFZRvJP_jndOKR7w1UAo9Tu0vrZyOLfqRpHIxYI5SymJJ-pfGCQw6QVpggBH-UgfjiFQ2JOxqxG0Jx94kW83c\/s1600\/logo-principal.jpg\" width=\"100%\" height=\"100\" \/><\/a><!--bestpublic-voz01--><!--desk-in-out-voz01--><br \/>\n<!--publicidad-voz02--><a href=\"https:\/\/www.hellincf.com\/\"><img decoding=\"async\" class=\"alignnone size-medium\" src=\"https:\/\/blogger.googleusercontent.com\/img\/b\/R29vZ2xl\/AVvXsEhuZ4-XfBVj3UtdP8-RZugy3WVrg-Zv28c53m4oV47qYCxL1rX_dqWX_YddsGSnpH5SRDqZ7bZeKPIfDVCDncpjVlhy3aQs2vojcJBn7Gdv9hC2_Nzct_pRFrnFE1a7KTCdY1bT_kAgnY3-iadRZrGeJf1fR2P5fu11bokx0pWjaypoy-ctwCjklldpEbA\/s1600\/logo-principal7.jpg\" width=\"100%\" height=\"100\" \/><\/a><!--bestpublic-voz02--><!--desk-in-out-voz02--><\/p>\n<p style=\"text-align: justify;\">F. GLOBALCAJA LA RODA: &#8211; Vaquero (13), Cebri\u00e1n (9), Castelanos (-), L\u00f3pez (11), Mukendi (9) \u2013 Oliva (-), Kellier (29), Kasa (10), Sola (-), Navarro (-)<\/p>\n<p style=\"text-align: justify;\">TOBARRA CB: &#8211; Pujadas (10), Teasley (11), Quero (6), Kowalski (23), Deus (8) \u2013 Romero (-), Ram\u00f3n (-), Sousa (2), Maleva (8), Gonz\u00e1lez (-)<\/p>\n<p style=\"text-align: justify;\">Eliminados: Maleva (Tobarra CB)<\/p>\n<p style=\"text-align: justify;\">\u00c1RBITROS: Ort\u00edn Lup\u00f3n y Mart\u00edn Ortega<\/p>\n<p style=\"text-align: justify;\">PARCIALES: 19-12 \/ 22-15 \/ 16-18 \/ 24-23<\/p>\n<p style=\"text-align: justify;\">PABELL\u00d3N: Juan Jos\u00e9 Lozano Jare\u00f1o (La Roda)<\/p>\n<p style=\"text-align: justify;\">Fundaci\u00f3n Globalcaja La Roda se impuso en el derby provincial al Tobarra CB por 81 \u2013 68 en un partido en el que los locales siempre llevaron la iniciativa en el marcador pero en el que los tobarre\u00f1os no se rindieron en ning\u00fan momento.<\/p>\n<p style=\"text-align: justify;\">El partido se desarroll\u00f3 en sus primeros compases con un equipo rodense dominando el marcador y llevando el ritmo del partido. El superior nivel f\u00edsico de los locales se plasm\u00f3 en su dominio del rebote ofensivo que permit\u00eda segundas opciones a La Roda que se plasmaban en una ventaja inicial de 19 \u2013 12 al final del primer cuarto.<\/p>\n<p style=\"text-align: justify;\">En el segundo cuarto el equipo anfitri\u00f3n consolid\u00f3 su juego y esta vez lo hizo con el acierto en el tiro exterior de la mano de Vaquero que con varios aciertos en el triple estir\u00f3 la diferencia hasta el 41 \u2013 27 que proporcionaba una c\u00f3moda renta de cara a la segunda mitad.<\/p>\n<p style=\"text-align: justify;\">Tras el paso por vestuarios La Roda sigui\u00f3 exhibiendo su superioridad f\u00edsica tal como hab\u00eda hecho en la primera mitad. La superioridad en el rebote de los locales era manifiesta y de la mano de Mukendi y Kellier, la Roda manten\u00eda la ventaja que ten\u00eda en la primera mitad con el 57 \u2013 45.<\/p>\n<p style=\"text-align: justify;\">El \u00faltimo cuarto fue un querer y no poder para un Tobarra CB que atac\u00f3 con acierto el alero local pero que, r\u00e1pidamente, era contestado con acierto por los jugadores rodenses. Al final Fundaci\u00f3n Globalcaja La Roda 81 \u2013 Tobarra CB 68.<\/p>\n<p style=\"text-align: justify;\">La noticia triste del partido para los tobarre\u00f1os fue la grav\u00edsima lesi\u00f3n de Chris Tiesley que dice adi\u00f3s a la temporada cuando estaba siendo uno de los jugadores m\u00e1s destacados del equipo.<\/p>\n<p style=\"text-align: justify;\">La pr\u00f3xima jornada el Tobarra CB tendr\u00e1 en La Granja un dif\u00edcil compromiso con la visita del l\u00edder de la competici\u00f3n el Na\u00fatico Tenerife que todav\u00eda no ha perdido un solo partido.<\/p>\n<p><!--publicidad-voz03--><a href=\"https:\/\/www.facebook.com\/profile.php?id=100063593791305&amp;locale=es_ES\"><img decoding=\"async\" class=\"alignnone size-medium\" src=\"https:\/\/blogger.googleusercontent.com\/img\/b\/R29vZ2xl\/AVvXsEi8_n_ll8UOcGxCqzFvb_9Io4ICczlGC990BPtPj2w9Px-u7B3oqWUW5vtjZUqPNJ-nyjiUIorE0ATsib_l5tV8BVN-UJ03RTnU__IHJF_4DgDBtY4LIqXNG-FomrO-7ywes20CBCRM2Hcm7EJSh3UUw1dO-c_uTflUrtgY1i7uBRezj_DpympmEFkfbQY\/s1600\/logo-principal2.jpg\" width=\"100%\" height=\"100\" \/><\/a><!--bestpublic-voz03--><!--desk-in-out-voz03--><br \/>\n<!--publicidad-voz04--><a href=\"https:\/\/www.facebook.com\/profile.php?id=61557370768692&amp;locale=es_ES\"><img decoding=\"async\" class=\"alignnone size-medium\" src=\"https:\/\/blogger.googleusercontent.com\/img\/b\/R29vZ2xl\/AVvXsEgy5RdcfffrnrItnYTcV9bCJjgJwldsQLWssfVfrLbyfXeBNTFKgBf0rMIvhrUaGUhiXzVr9_eQgCbi-j63ZDpfTvLIty9w7s140y-m1yHe7eKmEK7v2NAHUJDVYGdfeiQFeRCqUjdwWmN1MX_AUxxz4IVdJ4WIM0APxit8bjWkXzrnEFGqBvW_1F13H1g\/s1600\/logo-principal5.jpg\" width=\"100%\" height=\"100\" \/><\/a><!--bestpublic-voz04--><!--desk-in-out-voz04--><br \/>\n<!--publicidad-voz05--><a href=\"https:\/\/www.facebook.com\/asociaciontamborileroshellin?locale=es_ES\"><img decoding=\"async\" class=\"alignnone size-medium\" src=\"https:\/\/blogger.googleusercontent.com\/img\/b\/R29vZ2xl\/AVvXsEhHEEpZsKK1VpwiYMrS7aE2ujtqIDZoLd4B5wtbiseSU9s2HdTdQfhF84So2XwEB1fv0BLw95GADm6hUl1bkKtzh-eIgVigXONuu_5RxeIMPhjk8q6uNX4EaEHbooKkbu7pCADWPpVJjhKIH5NQSJpWqedC-YBez4QAQeJYokkLot9bhrIaUAeztsGis6M\/s1600\/logo-principal3.jpg\" width=\"100%\" height=\"100\" \/><\/a><!--bestpublic-voz05--><!--desk-in-out-voz05--><br \/>\n<!--publicidad-voz06--><!--bestpublic-voz06--><!--desk-in-out-voz06--><br \/>\n<!--publicidad-voz07--><!--bestpublic-voz07--><!--desk-in-out-voz07--><br \/>\n<!--publicidad-voz08--><!--bestpublic-voz08--><!--desk-in-out-voz08--><br \/>\n<!--publicidad-voz09--><!--bestpublic-voz09--><!--desk-in-out-voz09--><br \/>\n<!--publicidad-voz10--><!--bestpublic-voz10--><!--desk-in-out-voz10--><br \/>\n<!--publicidad-voz11--><!--bestpublic-voz11--><!--desk-in-out-voz11--><br \/>\n<!--publicidad-voz12--><!--bestpublic-voz12--><!--desk-in-out-voz12--><br \/>\n<!--publicidad-voz13--><!--bestpublic-voz13--><!--desk-in-out-voz13--><br \/>\n<!--publicidad-voz14--><!--bestpublic-voz14--><!--desk-in-out-voz14--><br \/>\n<!--publicidad-voz15--><!--bestpublic-voz15--><!--desk-in-out-voz15--><br \/>\n<!--publicidad-voz16--><!--bestpublic-voz16--><!--desk-in-out-voz16--><\/p>\n","protected":false},"excerpt":{"rendered":"<p>FUNDACI\u00d3N GLOBALCAJA LA RODA 81 &#8211; TOBARRA CB 68<\/p>\n","protected":false},"author":2,"featured_media":160761,"comment_status":"closed","ping_status":"closed","sticky":false,"template":"","format":"standard","meta":{"footnotes":""},"categories":[761,718,715,716,717],"tags":[],"class_list":["post-160760","post","type-post","status-publish","format-standard","has-post-thumbnail","hentry","category-blog-lv042","category-blogger","category-la-voz-de-hellin","category-la-voz-de-hellin-la-voz-de-hellin","category-noticias"],"_links":{"self":[{"href":"https:\/\/lavozdehellin.com\/noticias\/wp-json\/wp\/v2\/posts\/160760","targetHints":{"allow":["GET"]}}],"collection":[{"href":"https:\/\/lavozdehellin.com\/noticias\/wp-json\/wp\/v2\/posts"}],"about":[{"href":"https:\/\/lavozdehellin.com\/noticias\/wp-json\/wp\/v2\/types\/post"}],"author":[{"embeddable":true,"href":"https:\/\/lavozdehellin.com\/noticias\/wp-json\/wp\/v2\/users\/2"}],"replies":[{"embeddable":true,"href":"https:\/\/lavozdehellin.com\/noticias\/wp-json\/wp\/v2\/comments?post=160760"}],"version-history":[{"count":0,"href":"https:\/\/lavozdehellin.com\/noticias\/wp-json\/wp\/v2\/posts\/160760\/revisions"}],"wp:featuredmedia":[{"embeddable":true,"href":"https:\/\/lavozdehellin.com\/noticias\/wp-json\/wp\/v2\/media\/160761"}],"wp:attachment":[{"href":"https:\/\/lavozdehellin.com\/noticias\/wp-json\/wp\/v2\/media?parent=160760"}],"wp:term":[{"taxonomy":"category","embeddable":true,"href":"https:\/\/lavozdehellin.com\/noticias\/wp-json\/wp\/v2\/categories?post=160760"},{"taxonomy":"post_tag","embeddable":true,"href":"https:\/\/lavozdehellin.com\/noticias\/wp-json\/wp\/v2\/tags?post=160760"}],"curies":[{"name":"wp","href":"https:\/\/api.w.org\/{rel}","templated":true}]}}