{"id":160819,"date":"2025-10-16T18:02:28","date_gmt":"2025-10-16T16:02:28","guid":{"rendered":"https:\/\/lavozdehellin.com\/noticias\/?p=160819"},"modified":"2025-12-19T11:06:59","modified_gmt":"2025-12-19T09:06:59","slug":"v10-500-lvh-noticias-cabanero-destaca-el-compromiso-del-gobierno-regional-con-el-desarrollo-y-el-bienestar-de-la-provincia-durante-el-debate-sobre-el-estado-de-la-region","status":"publish","type":"post","link":"https:\/\/lavozdehellin.com\/noticias\/v10-500-lvh-noticias-cabanero-destaca-el-compromiso-del-gobierno-regional-con-el-desarrollo-y-el-bienestar-de-la-provincia-durante-el-debate-sobre-el-estado-de-la-region\/","title":{"rendered":"LVH NOTICIAS | CABA\u00d1ERO DESTACA EL COMPROMISO DEL GOBIERNO REGIONAL CON EL DESARROLLO Y EL BIENESTAR DE LA PROVINCIA DURANTE EL DEBATE SOBRE EL ESTADO DE LA REGI\u00d3N"},"content":{"rendered":"<p style=\"text-align: justify;\">El presidente de la Diputaci\u00f3n de Albacete, Santi Caba\u00f1ero, ha asistido este jueves a la primera sesi\u00f3n del Debate sobre el Estado de la Regi\u00f3n que se celebra en las Cortes de Castilla-La Mancha, valorando de forma muy positiva los anuncios realizados por el presidente auton\u00f3mico, Emiliano Garc\u00eda-Page, que contemplan una veintena de actuaciones concretas para la provincia de Albacete.<\/p>\n<p><!--more--><br \/>\n<!--publicidad-voz01--><a href=\"https:\/\/www.facebook.com\/SoloRadioHellin\/?locale=es_ES\"><img decoding=\"async\" class=\"alignnone size-medium\" src=\"https:\/\/blogger.googleusercontent.com\/img\/b\/R29vZ2xl\/AVvXsEiNncirNnyGedv00mhjZjh5Wl4_YPdJGanoAl8tL8zH-HwqE8uHqjEfSt340RHdx-9tuCSIkZ8rFamZiGyYlgDGxCsmXjCH_1xk5eYM3ntFZRvJP_jndOKR7w1UAo9Tu0vrZyOLfqRpHIxYI5SymJJ-pfGCQw6QVpggBH-UgfjiFQ2JOxqxG0Jx94kW83c\/s1600\/logo-principal.jpg\" width=\"100%\" height=\"100\" \/><\/a><!--bestpublic-voz01--><!--desk-in-out-voz01--><br \/>\n<!--publicidad-voz02--><a href=\"https:\/\/www.hellincf.com\/\"><img decoding=\"async\" class=\"alignnone size-medium\" src=\"https:\/\/blogger.googleusercontent.com\/img\/b\/R29vZ2xl\/AVvXsEhuZ4-XfBVj3UtdP8-RZugy3WVrg-Zv28c53m4oV47qYCxL1rX_dqWX_YddsGSnpH5SRDqZ7bZeKPIfDVCDncpjVlhy3aQs2vojcJBn7Gdv9hC2_Nzct_pRFrnFE1a7KTCdY1bT_kAgnY3-iadRZrGeJf1fR2P5fu11bokx0pWjaypoy-ctwCjklldpEbA\/s1600\/logo-principal7.jpg\" width=\"100%\" height=\"100\" \/><\/a><!--bestpublic-voz02--><!--desk-in-out-voz02--><\/p>\n<p style=\"text-align: justify;\">Compromiso con el desarrollo equilibrado del territorio<\/p>\n<p style=\"text-align: justify;\">Caba\u00f1ero ha subrayado que se trata de un conjunto de medidas \u201ccon los pies en el suelo y centradas en las personas\u201d, con mejoras en sanidad, educaci\u00f3n, servicios sociales, transporte y desarrollo rural, entre otros \u00e1mbitos.<\/p>\n<p style=\"text-align: justify;\">\u201cEstamos hablando de inversiones que van a seguir reforzando la igualdad de oportunidades en nuestra tierra y que, adem\u00e1s, ponen a la provincia de Albacete en una posici\u00f3n muy s\u00f3lida de futuro\u201d, ha se\u00f1alado.<\/p>\n<p style=\"text-align: justify;\">Inversiones sanitarias y sociales que refuerzan la cohesi\u00f3n provincial<\/p>\n<p style=\"text-align: justify;\">Entre los anuncios destacados, el presidente provincial ha valorado especialmente la continuidad de las obras del Complejo Hospitalario Universitario de Albacete, que contar\u00e1 con el segundo PET-Resonancia de la regi\u00f3n y un nuevo edificio Materno-Infantil; la puesta en marcha del Centro de Salud Zona 3, as\u00ed como los avances en la red de transporte a la demanda, que beneficiar\u00e1 a la Sierra del Segura.<\/p>\n<p style=\"text-align: justify;\">Asimismo, Caba\u00f1ero ha destacado las actuaciones en materia de servicios sociales y atenci\u00f3n a las personas mayores, como la creaci\u00f3n de tres nuevas residencias en Chinchilla de Montearag\u00f3n, Elche de la Sierra y Munera, y la apertura del centro de mayores de Ontur, adem\u00e1s de la implantaci\u00f3n de viviendas de apoyo y un Centro de D\u00eda en Alcaraz.<\/p>\n<p style=\"text-align: justify;\">\u201cEstas iniciativas reflejan una visi\u00f3n equilibrada del territorio, en la que ning\u00fan municipio, por peque\u00f1o que sea, queda al margen del progreso\u201d, ha afirmado.<\/p>\n<p style=\"text-align: justify;\">\u201cCuando hay coordinaci\u00f3n entre administraciones, gana la ciudadan\u00eda\u201d<\/p>\n<p style=\"text-align: justify;\">El presidente de la Diputaci\u00f3n ha puesto en valor \u201cla buena planificaci\u00f3n y la seriedad\u201d del Ejecutivo auton\u00f3mico, remarcando que \u201ccuando hay coordinaci\u00f3n entre las administraciones, gana la ciudadan\u00eda\u201d.<\/p>\n<p style=\"text-align: justify;\">Caba\u00f1ero ha insistido en que el objetivo com\u00fan es \u201cseguir impulsando un modelo de desarrollo sostenible, cohesionado y justo para toda la provincia de Albacete\u201d.<\/p>\n<p><!--publicidad-voz03--><a href=\"https:\/\/www.facebook.com\/profile.php?id=100063593791305&amp;locale=es_ES\"><img decoding=\"async\" class=\"alignnone size-medium\" src=\"https:\/\/blogger.googleusercontent.com\/img\/b\/R29vZ2xl\/AVvXsEi8_n_ll8UOcGxCqzFvb_9Io4ICczlGC990BPtPj2w9Px-u7B3oqWUW5vtjZUqPNJ-nyjiUIorE0ATsib_l5tV8BVN-UJ03RTnU__IHJF_4DgDBtY4LIqXNG-FomrO-7ywes20CBCRM2Hcm7EJSh3UUw1dO-c_uTflUrtgY1i7uBRezj_DpympmEFkfbQY\/s1600\/logo-principal2.jpg\" width=\"100%\" height=\"100\" \/><\/a><!--bestpublic-voz03--><!--desk-in-out-voz03--><br \/>\n<!--publicidad-voz04--><a href=\"https:\/\/www.facebook.com\/profile.php?id=61557370768692&amp;locale=es_ES\"><img decoding=\"async\" class=\"alignnone size-medium\" src=\"https:\/\/blogger.googleusercontent.com\/img\/b\/R29vZ2xl\/AVvXsEgy5RdcfffrnrItnYTcV9bCJjgJwldsQLWssfVfrLbyfXeBNTFKgBf0rMIvhrUaGUhiXzVr9_eQgCbi-j63ZDpfTvLIty9w7s140y-m1yHe7eKmEK7v2NAHUJDVYGdfeiQFeRCqUjdwWmN1MX_AUxxz4IVdJ4WIM0APxit8bjWkXzrnEFGqBvW_1F13H1g\/s1600\/logo-principal5.jpg\" width=\"100%\" height=\"100\" \/><\/a><!--bestpublic-voz04--><!--desk-in-out-voz04--><br \/>\n<!--publicidad-voz05--><a href=\"https:\/\/www.facebook.com\/asociaciontamborileroshellin?locale=es_ES\"><img decoding=\"async\" class=\"alignnone size-medium\" src=\"https:\/\/blogger.googleusercontent.com\/img\/b\/R29vZ2xl\/AVvXsEhHEEpZsKK1VpwiYMrS7aE2ujtqIDZoLd4B5wtbiseSU9s2HdTdQfhF84So2XwEB1fv0BLw95GADm6hUl1bkKtzh-eIgVigXONuu_5RxeIMPhjk8q6uNX4EaEHbooKkbu7pCADWPpVJjhKIH5NQSJpWqedC-YBez4QAQeJYokkLot9bhrIaUAeztsGis6M\/s1600\/logo-principal3.jpg\" width=\"100%\" height=\"100\" \/><\/a><!--bestpublic-voz05--><!--desk-in-out-voz05--><br \/>\n<!--publicidad-voz06--><!--bestpublic-voz06--><!--desk-in-out-voz06--><br \/>\n<!--publicidad-voz07--><!--bestpublic-voz07--><!--desk-in-out-voz07--><br \/>\n<!--publicidad-voz08--><!--bestpublic-voz08--><!--desk-in-out-voz08--><br \/>\n<!--publicidad-voz09--><!--bestpublic-voz09--><!--desk-in-out-voz09--><br \/>\n<!--publicidad-voz10--><!--bestpublic-voz10--><!--desk-in-out-voz10--><br \/>\n<!--publicidad-voz11--><!--bestpublic-voz11--><!--desk-in-out-voz11--><br \/>\n<!--publicidad-voz12--><!--bestpublic-voz12--><!--desk-in-out-voz12--><br \/>\n<!--publicidad-voz13--><!--bestpublic-voz13--><!--desk-in-out-voz13--><br \/>\n<!--publicidad-voz14--><!--bestpublic-voz14--><!--desk-in-out-voz14--><br \/>\n<!--publicidad-voz15--><!--bestpublic-voz15--><!--desk-in-out-voz15--><br \/>\n<!--publicidad-voz16--><!--bestpublic-voz16--><!--desk-in-out-voz16--><\/p>\n","protected":false},"excerpt":{"rendered":"<p>El presidente de la Diputaci\u00f3n de Albacete, Santi Caba\u00f1ero, ha asistido este jueves a la primera sesi\u00f3n del Debate sobre el Estado de la Regi\u00f3n que se celebra en las&#8230;<\/p>\n","protected":false},"author":2,"featured_media":160820,"comment_status":"closed","ping_status":"closed","sticky":false,"template":"","format":"standard","meta":{"footnotes":""},"categories":[761,718,715,716,717],"tags":[],"class_list":["post-160819","post","type-post","status-publish","format-standard","has-post-thumbnail","hentry","category-blog-lv042","category-blogger","category-la-voz-de-hellin","category-la-voz-de-hellin-la-voz-de-hellin","category-noticias"],"_links":{"self":[{"href":"https:\/\/lavozdehellin.com\/noticias\/wp-json\/wp\/v2\/posts\/160819","targetHints":{"allow":["GET"]}}],"collection":[{"href":"https:\/\/lavozdehellin.com\/noticias\/wp-json\/wp\/v2\/posts"}],"about":[{"href":"https:\/\/lavozdehellin.com\/noticias\/wp-json\/wp\/v2\/types\/post"}],"author":[{"embeddable":true,"href":"https:\/\/lavozdehellin.com\/noticias\/wp-json\/wp\/v2\/users\/2"}],"replies":[{"embeddable":true,"href":"https:\/\/lavozdehellin.com\/noticias\/wp-json\/wp\/v2\/comments?post=160819"}],"version-history":[{"count":0,"href":"https:\/\/lavozdehellin.com\/noticias\/wp-json\/wp\/v2\/posts\/160819\/revisions"}],"wp:featuredmedia":[{"embeddable":true,"href":"https:\/\/lavozdehellin.com\/noticias\/wp-json\/wp\/v2\/media\/160820"}],"wp:attachment":[{"href":"https:\/\/lavozdehellin.com\/noticias\/wp-json\/wp\/v2\/media?parent=160819"}],"wp:term":[{"taxonomy":"category","embeddable":true,"href":"https:\/\/lavozdehellin.com\/noticias\/wp-json\/wp\/v2\/categories?post=160819"},{"taxonomy":"post_tag","embeddable":true,"href":"https:\/\/lavozdehellin.com\/noticias\/wp-json\/wp\/v2\/tags?post=160819"}],"curies":[{"name":"wp","href":"https:\/\/api.w.org\/{rel}","templated":true}]}}