{"id":160822,"date":"2025-10-16T13:03:02","date_gmt":"2025-10-16T11:03:02","guid":{"rendered":"https:\/\/lavozdehellin.com\/noticias\/?p=160822"},"modified":"2025-12-19T11:06:59","modified_gmt":"2025-12-19T09:06:59","slug":"v10-499-lvh-noticias-el-jardin-botanico-de-castilla-la-mancha-celebra-15-anos-con-una-exposicion-retrospectiva-y-el-compromiso-renovado-de-la-diputacion-de-albacete","status":"publish","type":"post","link":"https:\/\/lavozdehellin.com\/noticias\/v10-499-lvh-noticias-el-jardin-botanico-de-castilla-la-mancha-celebra-15-anos-con-una-exposicion-retrospectiva-y-el-compromiso-renovado-de-la-diputacion-de-albacete\/","title":{"rendered":"LVH NOTICIAS | EL JARD\u00cdN BOT\u00c1NICO DE CASTILLA-LA MANCHA CELEBRA 15 A\u00d1OS CON UNA EXPOSICI\u00d3N RETROSPECTIVA Y EL COMPROMISO RENOVADO DE LA DIPUTACI\u00d3N DE ALBACETE"},"content":{"rendered":"<p style=\"text-align: justify;\">El sue\u00f1o del Jard\u00edn Bot\u00e1nico de Castilla-La Mancha cumple 15 a\u00f1os y lo celebra con una exposici\u00f3n retrospectiva en la que se corre su historia, desde su gestaci\u00f3n en 2003 hasta su apertura al p\u00fablico en 2010, realizando un recorrido por la evoluci\u00f3n de este espacio vivo, que en 2020 consigui\u00f3 el premio a la \u2018Excelencia Ecol\u00f3gica\u2019, convertido en el \u00fanico de Europa que lo tiene.<\/p>\n<p><!--more--><br \/>\n<!--publicidad-voz01--><a href=\"https:\/\/www.facebook.com\/SoloRadioHellin\/?locale=es_ES\"><img decoding=\"async\" class=\"alignnone size-medium\" src=\"https:\/\/blogger.googleusercontent.com\/img\/b\/R29vZ2xl\/AVvXsEiNncirNnyGedv00mhjZjh5Wl4_YPdJGanoAl8tL8zH-HwqE8uHqjEfSt340RHdx-9tuCSIkZ8rFamZiGyYlgDGxCsmXjCH_1xk5eYM3ntFZRvJP_jndOKR7w1UAo9Tu0vrZyOLfqRpHIxYI5SymJJ-pfGCQw6QVpggBH-UgfjiFQ2JOxqxG0Jx94kW83c\/s1600\/logo-principal.jpg\" width=\"100%\" height=\"100\" \/><\/a><!--bestpublic-voz01--><!--desk-in-out-voz01--><br \/>\n<!--publicidad-voz02--><a href=\"https:\/\/www.hellincf.com\/\"><img decoding=\"async\" class=\"alignnone size-medium\" src=\"https:\/\/blogger.googleusercontent.com\/img\/b\/R29vZ2xl\/AVvXsEhuZ4-XfBVj3UtdP8-RZugy3WVrg-Zv28c53m4oV47qYCxL1rX_dqWX_YddsGSnpH5SRDqZ7bZeKPIfDVCDncpjVlhy3aQs2vojcJBn7Gdv9hC2_Nzct_pRFrnFE1a7KTCdY1bT_kAgnY3-iadRZrGeJf1fR2P5fu11bokx0pWjaypoy-ctwCjklldpEbA\/s1600\/logo-principal7.jpg\" width=\"100%\" height=\"100\" \/><\/a><!--bestpublic-voz02--><!--desk-in-out-voz02--><\/p>\n<p style=\"text-align: justify;\">La Diputaci\u00f3n de Albacete, orgullosa integrante de su Patronato desde el inicio, no ha faltado a la inauguraci\u00f3n de esta muestra titulada \u2018La consolidaci\u00f3n de un Jard\u00edn Bot\u00e1nico\u2019, y su diputada de Atenci\u00f3n Ciudadana, Ana Albaladejo, junto al diputado del \u00c1rea Social, Jos\u00e9 Gonz\u00e1lez, ha reafirmado el compromiso de la instituci\u00f3n con este centro de 7 hect\u00e1reas, en el que, actualmente habitan unas 29.000 plantas de 2.100 especies y subespecies diferentes.<\/p>\n<p style=\"text-align: justify;\">La responsable provincial se ha referido a la importancia que tienen estos 15 a\u00f1os, se\u00f1alando que \u201cpueden parecer pocos si los comparamos con la longevidad de los \u00e1rboles, pero son un hito importante y la prueba de que aquella primera semilla germin\u00f3 hasta convertirse en un referente regional y nacional en conservaci\u00f3n e investigaci\u00f3n\u201d, y ha apuntado tambi\u00e9n la idoneidad de conmemorar esta efem\u00e9ride con una exposici\u00f3n, \u201cque viene a visibilizar, a dar a conocer y a poner en valor todo ese trabajo y toda esa intrahistoria que nos permite estar hoy hay\u201d.<\/p>\n<p style=\"text-align: justify;\">Adem\u00e1s, Albaladejo ha querido aprovechar la oportunidad para felicitar a \u201cquienes lo han hecho posible\u201d, y se ha referido tanto a quienes \u201cso\u00f1aron la idea y tuvieron la visi\u00f3n de impulsarla\u201d, como a quienes la apoyaron y desarrollaron, con una menci\u00f3n especial a Manuel P\u00e9rez Castell, entonces alcalde de Albacete, al tiempo que ha felicitado sus equipos t\u00e9cnicos y cient\u00edficos en la figura de quienes han sido sus directores: Siro Torres, Fernando Carre\u00f1o y, el actual, Pablo Ferrandis.<\/p>\n<p style=\"text-align: justify;\">Albaladejo subraya la vocaci\u00f3n de servicio p\u00fablico del JBCLM y su apertura a la ciudadan\u00eda<\/p>\n<p style=\"text-align: justify;\">En este sentido, la responsable provincial ha explicado que la Diputaci\u00f3n de Albacete tom\u00f3 parte en ese impulso inicial, \u201cconvencidos de que apostar por el medio ambiente es una responsabilidad institucional y un compromiso pol\u00edtico con la defensa de un desarrollo sostenible\u201d, advirtiendo qu\u00e9 ese compromiso sigue intacto, y ha apuntado que \u201ccuidar nuestra flora aut\u00f3ctona, nuestra diversidad vegetal, nuestros ecosistemas, es cuidar nuestra identidad, nuestro patrimonio natural, y tambi\u00e9n nuestro futuro\u201d.<\/p>\n<p style=\"text-align: justify;\">En cada palmo de este Jard\u00edn adem\u00e1s de un compromiso con la conservaci\u00f3n, la investigaci\u00f3n y la divulgaci\u00f3n, \u201chay una clara vocaci\u00f3n de servicio p\u00fablico\u201d, tal y como ha destacado la diputada de Atenci\u00f3n Ciudadana, apuntando que \u201ceste espacio verde y del conocimiento\u201d ha sabido abrirse a la ciudadan\u00eda, \u201cintegr\u00e1ndose en la vida cultural de la ciudad de Albacete y de toda la provincia, una tarea en la que desde el Gobierno de Santi Caba\u00f1ero se est\u00e1 jugando un papel muy importante\u201d.<\/p>\n<p style=\"text-align: justify;\">\u201cNo es s\u00f3lo un lugar para expertos o investigadores; es un lugar para cada vecino y vecina, para las familias, para los escolares, para los turistas, para quienes buscan un paseo tranquilo o una experiencia sensorial \u00fanica, un espacio para la cultura\u2026\u201d, ha afirmado Albaladejo, recordando el reciente \u00e9xito del Festival de Jazz en el Bot\u00e1nico de la mano de la Diputaci\u00f3n.<\/p>\n<p style=\"text-align: justify;\">Finalmente, Albaladejo ha se\u00f1alado que este aniversario celebra que el Jard\u00edn Bot\u00e1nico \u201ces una realidad consolidada para orgullo de esta regi\u00f3n\u201d, y ha concluido reafirmando el compromiso de la instituci\u00f3n provincial con este proyecto, \u201cvamos a seguir colaborando en su financiaci\u00f3n, proyecci\u00f3n e integraci\u00f3n dentro de nuestras pol\u00edticas ambientales y culturales\u201d.<\/p>\n<p style=\"text-align: justify;\">La exposici\u00f3n, en cuya inauguraci\u00f3n tambi\u00e9n ha participado el diputado de Vox, Jos\u00e9 Luis Serrano; y el alcalde de la ciudad, Manuel Serrano entre otros responsables pol\u00edticos y profesionales del espacio, se podr\u00e1 disfrutar del 16 de octubre al 4 de noviembre en la Sala de Exposiciones del Edificio Social.<\/p>\n<p><!--publicidad-voz03--><a href=\"https:\/\/www.facebook.com\/profile.php?id=100063593791305&amp;locale=es_ES\"><img decoding=\"async\" class=\"alignnone size-medium\" src=\"https:\/\/blogger.googleusercontent.com\/img\/b\/R29vZ2xl\/AVvXsEi8_n_ll8UOcGxCqzFvb_9Io4ICczlGC990BPtPj2w9Px-u7B3oqWUW5vtjZUqPNJ-nyjiUIorE0ATsib_l5tV8BVN-UJ03RTnU__IHJF_4DgDBtY4LIqXNG-FomrO-7ywes20CBCRM2Hcm7EJSh3UUw1dO-c_uTflUrtgY1i7uBRezj_DpympmEFkfbQY\/s1600\/logo-principal2.jpg\" width=\"100%\" height=\"100\" \/><\/a><!--bestpublic-voz03--><!--desk-in-out-voz03--><br \/>\n<!--publicidad-voz04--><a href=\"https:\/\/www.facebook.com\/profile.php?id=61557370768692&amp;locale=es_ES\"><img decoding=\"async\" class=\"alignnone size-medium\" src=\"https:\/\/blogger.googleusercontent.com\/img\/b\/R29vZ2xl\/AVvXsEgy5RdcfffrnrItnYTcV9bCJjgJwldsQLWssfVfrLbyfXeBNTFKgBf0rMIvhrUaGUhiXzVr9_eQgCbi-j63ZDpfTvLIty9w7s140y-m1yHe7eKmEK7v2NAHUJDVYGdfeiQFeRCqUjdwWmN1MX_AUxxz4IVdJ4WIM0APxit8bjWkXzrnEFGqBvW_1F13H1g\/s1600\/logo-principal5.jpg\" width=\"100%\" height=\"100\" \/><\/a><!--bestpublic-voz04--><!--desk-in-out-voz04--><br \/>\n<!--publicidad-voz05--><a href=\"https:\/\/www.facebook.com\/asociaciontamborileroshellin?locale=es_ES\"><img decoding=\"async\" class=\"alignnone size-medium\" src=\"https:\/\/blogger.googleusercontent.com\/img\/b\/R29vZ2xl\/AVvXsEhHEEpZsKK1VpwiYMrS7aE2ujtqIDZoLd4B5wtbiseSU9s2HdTdQfhF84So2XwEB1fv0BLw95GADm6hUl1bkKtzh-eIgVigXONuu_5RxeIMPhjk8q6uNX4EaEHbooKkbu7pCADWPpVJjhKIH5NQSJpWqedC-YBez4QAQeJYokkLot9bhrIaUAeztsGis6M\/s1600\/logo-principal3.jpg\" width=\"100%\" height=\"100\" \/><\/a><!--bestpublic-voz05--><!--desk-in-out-voz05--><br \/>\n<!--publicidad-voz06--><!--bestpublic-voz06--><!--desk-in-out-voz06--><br \/>\n<!--publicidad-voz07--><!--bestpublic-voz07--><!--desk-in-out-voz07--><br \/>\n<!--publicidad-voz08--><!--bestpublic-voz08--><!--desk-in-out-voz08--><br \/>\n<!--publicidad-voz09--><!--bestpublic-voz09--><!--desk-in-out-voz09--><br \/>\n<!--publicidad-voz10--><!--bestpublic-voz10--><!--desk-in-out-voz10--><br \/>\n<!--publicidad-voz11--><!--bestpublic-voz11--><!--desk-in-out-voz11--><br \/>\n<!--publicidad-voz12--><!--bestpublic-voz12--><!--desk-in-out-voz12--><br \/>\n<!--publicidad-voz13--><!--bestpublic-voz13--><!--desk-in-out-voz13--><br \/>\n<!--publicidad-voz14--><!--bestpublic-voz14--><!--desk-in-out-voz14--><br \/>\n<!--publicidad-voz15--><!--bestpublic-voz15--><!--desk-in-out-voz15--><br \/>\n<!--publicidad-voz16--><!--bestpublic-voz16--><!--desk-in-out-voz16--><\/p>\n","protected":false},"excerpt":{"rendered":"<p>El sue\u00f1o del Jard\u00edn Bot\u00e1nico de Castilla-La Mancha cumple 15 a\u00f1os y lo celebra con una exposici\u00f3n retrospectiva en la que se corre su historia, desde su gestaci\u00f3n en 2003&#8230;<\/p>\n","protected":false},"author":2,"featured_media":160823,"comment_status":"closed","ping_status":"closed","sticky":false,"template":"","format":"standard","meta":{"footnotes":""},"categories":[761,718,715,716,717],"tags":[],"class_list":["post-160822","post","type-post","status-publish","format-standard","has-post-thumbnail","hentry","category-blog-lv042","category-blogger","category-la-voz-de-hellin","category-la-voz-de-hellin-la-voz-de-hellin","category-noticias"],"_links":{"self":[{"href":"https:\/\/lavozdehellin.com\/noticias\/wp-json\/wp\/v2\/posts\/160822","targetHints":{"allow":["GET"]}}],"collection":[{"href":"https:\/\/lavozdehellin.com\/noticias\/wp-json\/wp\/v2\/posts"}],"about":[{"href":"https:\/\/lavozdehellin.com\/noticias\/wp-json\/wp\/v2\/types\/post"}],"author":[{"embeddable":true,"href":"https:\/\/lavozdehellin.com\/noticias\/wp-json\/wp\/v2\/users\/2"}],"replies":[{"embeddable":true,"href":"https:\/\/lavozdehellin.com\/noticias\/wp-json\/wp\/v2\/comments?post=160822"}],"version-history":[{"count":0,"href":"https:\/\/lavozdehellin.com\/noticias\/wp-json\/wp\/v2\/posts\/160822\/revisions"}],"wp:featuredmedia":[{"embeddable":true,"href":"https:\/\/lavozdehellin.com\/noticias\/wp-json\/wp\/v2\/media\/160823"}],"wp:attachment":[{"href":"https:\/\/lavozdehellin.com\/noticias\/wp-json\/wp\/v2\/media?parent=160822"}],"wp:term":[{"taxonomy":"category","embeddable":true,"href":"https:\/\/lavozdehellin.com\/noticias\/wp-json\/wp\/v2\/categories?post=160822"},{"taxonomy":"post_tag","embeddable":true,"href":"https:\/\/lavozdehellin.com\/noticias\/wp-json\/wp\/v2\/tags?post=160822"}],"curies":[{"name":"wp","href":"https:\/\/api.w.org\/{rel}","templated":true}]}}