{"id":160825,"date":"2025-10-16T10:05:34","date_gmt":"2025-10-16T08:05:34","guid":{"rendered":"https:\/\/lavozdehellin.com\/noticias\/?p=160825"},"modified":"2025-12-19T11:06:59","modified_gmt":"2025-12-19T09:06:59","slug":"v10-498-lvh-noticias-la-7a-resolucion-del-dipualba-responde-inversiones-de-la-diputacion-de-albacete-pone-fin-a-su-edicion-de-2025-con-una-inversion-de-mas-de-18-millones-de-eur","status":"publish","type":"post","link":"https:\/\/lavozdehellin.com\/noticias\/v10-498-lvh-noticias-la-7a-resolucion-del-dipualba-responde-inversiones-de-la-diputacion-de-albacete-pone-fin-a-su-edicion-de-2025-con-una-inversion-de-mas-de-18-millones-de-eur\/","title":{"rendered":"LVH NOTICIAS | LA 7\u00aa RESOLUCI\u00d3N DEL \u2018DIPUALBA RESPONDE \u2013 INVERSIONES\u2019 DE LA DIPUTACI\u00d3N DE ALBACETE PONE FIN A SU EDICI\u00d3N DE 2025 CON UNA INVERSI\u00d3N DE M\u00c1S DE 1,8 MILLONES DE EUROS EN 40 MUNICIPIOS"},"content":{"rendered":"<p style=\"text-align: justify;\">La Diputaci\u00f3n de Albacete culmina el ejercicio 2025 del programa \u2018Dipualba Responde \u2013 Inversiones\u2019 con la aprobaci\u00f3n de su s\u00e9ptima y \u00faltima resoluci\u00f3n, que moviliza 1.842.347,43 \u20ac destinados a financiar 65 actuaciones en 40 municipios de la provincia.<\/p>\n<p><!--more--><br \/>\n<!--publicidad-voz01--><a href=\"https:\/\/www.facebook.com\/SoloRadioHellin\/?locale=es_ES\"><img decoding=\"async\" class=\"alignnone size-medium\" src=\"https:\/\/blogger.googleusercontent.com\/img\/b\/R29vZ2xl\/AVvXsEiNncirNnyGedv00mhjZjh5Wl4_YPdJGanoAl8tL8zH-HwqE8uHqjEfSt340RHdx-9tuCSIkZ8rFamZiGyYlgDGxCsmXjCH_1xk5eYM3ntFZRvJP_jndOKR7w1UAo9Tu0vrZyOLfqRpHIxYI5SymJJ-pfGCQw6QVpggBH-UgfjiFQ2JOxqxG0Jx94kW83c\/s1600\/logo-principal.jpg\" width=\"100%\" height=\"100\" \/><\/a><!--bestpublic-voz01--><!--desk-in-out-voz01--><br \/>\n<!--publicidad-voz02--><a href=\"https:\/\/www.hellincf.com\/\"><img decoding=\"async\" class=\"alignnone size-medium\" src=\"https:\/\/blogger.googleusercontent.com\/img\/b\/R29vZ2xl\/AVvXsEhuZ4-XfBVj3UtdP8-RZugy3WVrg-Zv28c53m4oV47qYCxL1rX_dqWX_YddsGSnpH5SRDqZ7bZeKPIfDVCDncpjVlhy3aQs2vojcJBn7Gdv9hC2_Nzct_pRFrnFE1a7KTCdY1bT_kAgnY3-iadRZrGeJf1fR2P5fu11bokx0pWjaypoy-ctwCjklldpEbA\/s1600\/logo-principal7.jpg\" width=\"100%\" height=\"100\" \/><\/a><!--bestpublic-voz02--><!--desk-in-out-voz02--><\/p>\n<p style=\"text-align: justify;\">Con esta resoluci\u00f3n, aprobada por decreto de Presidencia este pasado 13 de octubre, la instituci\u00f3n provincial reafirma su compromiso con la mejora constante de infraestructuras, equipamientos y servicios p\u00fablicos locales, cerrando la edici\u00f3n con un balance que consolida a Dipualba Responde como una de las pol\u00edticas m\u00e1s transformadoras y eficaces del Gobierno Provincial.<\/p>\n<p style=\"text-align: justify;\">El presidente, Santi Caba\u00f1ero, ha subrayado que \u201ccon cada nueva resoluci\u00f3n hemos ido construyendo un programa que es ya sin\u00f3nimo de eficacia, de cercan\u00eda y de confianza en los Ayuntamientos. Cuando un pueblo tiene un proyecto o una necesidad, sabe que la Diputaci\u00f3n est\u00e1 ah\u00ed, no s\u00f3lo con recursos, sino tambi\u00e9n con la voluntad de acompa\u00f1ar y sumar\u201d.<\/p>\n<p style=\"text-align: justify;\">Actuaciones que mejoran la vida cotidiana en toda la provincia<\/p>\n<p style=\"text-align: justify;\">Las 65 actuaciones aprobadas en esta s\u00e9ptima resoluci\u00f3n abarcan una amplia gama de proyectos, con una inversi\u00f3n que va desde peque\u00f1as mejoras hasta obras de envergadura. Las cuant\u00edas oscilan entre los 1.800 euros de la adquisici\u00f3n de una fotocopiadora en Salobre y los 262.300 euros destinados a la remodelaci\u00f3n de varios tramos de calles y al mobiliario de la Casa de la Cultura en Tarazona de La Mancha.<\/p>\n<p style=\"text-align: justify;\">Entre las principales l\u00edneas de actuaci\u00f3n destacan las relacionadas con la infraestructura hidr\u00e1ulica y el abastecimiento de agua, que concentran buena parte del presupuesto con proyectos de renovaci\u00f3n de redes, mejora de bombeos, sondeos de aguas subterr\u00e1neas e instalaci\u00f3n de plantas potabilizadoras. Tambi\u00e9n son numerosas las intervenciones en urbanizaci\u00f3n y viales, con asfaltados, pavimentaciones y acondicionamientos de accesos en distintos municipios y pedan\u00edas.<\/p>\n<p style=\"text-align: justify;\">Otro bloque importante lo conforman las inversiones en edificios municipales, educativos y sanitarios, que incluyen reformas de colegios, consultorios y ayuntamientos, junto a las mejoras en equipamientos deportivos, culturales y de ocio, como parques biosaludables, zonas de calistenia o pistas polideportivas. Adem\u00e1s, destacan los proyectos en eficiencia energ\u00e9tica y alumbrado p\u00fablico, con actuaciones de cambio a tecnolog\u00eda LED o instalaci\u00f3n de luminarias solares, y las adquisiciones de bienes y maquinaria, esenciales para reforzar la capacidad operativa de los servicios municipales.<\/p>\n<p style=\"text-align: justify;\">El vicepresidente y responsable de Obras, Fran Valera, ha se\u00f1alado que \u201ctodas estas actuaciones tienen un denominador com\u00fan: mejoran lo cotidiano. Porque cuando invertimos en un colegio, en una red de agua, en un parque o en una calle, estamos invirtiendo directamente en bienestar y en igualdad de oportunidades\u201d.<\/p>\n<p style=\"text-align: justify;\">Las pedan\u00edas, una prioridad que marca el rumbo<\/p>\n<p style=\"text-align: justify;\">Una parte significativa de las actuaciones de esta resoluci\u00f3n se ejecutar\u00e1n en pedan\u00edas y aldeas, siguiendo el trabajo que el Gobierno Provincial ha reforzado este 2025 creando una l\u00ednea espec\u00edfica para municipios con n\u00facleos poblacionales dispersos.<\/p>\n<p style=\"text-align: justify;\">Esta nueva mirada hacia el territorio m\u00e1s rural ha permitido llevar inversiones a enclaves como Cilanco (Villatoya), Casa Hita (La Herrera), Arroyo Fr\u00edo (Cotillas), Zapateros y Parideras (Vianos), entre otros, con proyectos de abastecimiento, pavimentaci\u00f3n o mejoras de espacios comunitarios. \u201cEsta Diputaci\u00f3n cree firmemente que cada aldea, por peque\u00f1a que sea, merece tener servicios dignos. Y con Dipualba estamos consiguiendo que eso sea una realidad palpable\u201d, ha afirmado Valera.<\/p>\n<p style=\"text-align: justify;\">Las ayudas, como en resoluciones anteriores, se anticipan a los Ayuntamientos para facilitar la r\u00e1pida ejecuci\u00f3n de los proyectos. Las entidades beneficiarias dispondr\u00e1n hasta el 15 de febrero de 2026 para justificar la inversi\u00f3n. En este sentido, Valera ha recordado que Dipualba Responde es mucho m\u00e1s que un programa de subvenciones, convirti\u00e9ndose en una forma de hacer pol\u00edtica \u00fatil, municipalista y con vocaci\u00f3n de servicio. \u201cHemos construido una herramienta que combina agilidad, rigor y flexibilidad, tres ingredientes esenciales para responder a la realidad de nuestros pueblos\u201d, ha se\u00f1alado.<\/p>\n<p style=\"text-align: justify;\">Primer balance de un a\u00f1o hist\u00f3rico para \u2018Dipualba Responde \u2013 Inversiones\u2019<\/p>\n<p style=\"text-align: justify;\">Con la aprobaci\u00f3n de esta s\u00e9ptima resoluci\u00f3n, el programa \u2018Dipualba Responde \u2013 Inversiones 2025\u2019 cierra su ejercicio con cifras que avalan su \u00e9xito y su impacto en el territorio: cerca de 200 actuaciones financiadas, m\u00e1s de 6,25 millones de euros comprometidos y m\u00e1s de 70 municipios beneficiados a lo largo del a\u00f1o.<\/p>\n<p style=\"text-align: justify;\">La horquilla de ayudas ha permitido atender desde peque\u00f1as adquisiciones municipales hasta grandes proyectos de infraestructuras hidr\u00e1ulicas, culturales o sociales, consolidando un modelo que combina la cercan\u00eda con la eficacia y la sostenibilidad econ\u00f3mica. Adem\u00e1s, a falta del cierre definitivo de datos, se muestra parcialmente que cerca de dos tercios de la inversi\u00f3n ejecutada se ha quedado en empresas de la provincia, principalmente pymes vinculadas al sector de la construcci\u00f3n y servicios, generando as\u00ed empleo y actividad econ\u00f3mica local.<\/p>\n<p style=\"text-align: justify;\">Caba\u00f1ero ha afirmado que \u201cDipualba Responde se ha convertido en un instrumento vertebrador del territorio. No s\u00f3lo impulsa obras, sino que genera confianza, actividad y orgullo de pertenencia. Es la mejor expresi\u00f3n de lo que debe ser una Diputaci\u00f3n del siglo XXI: \u00fatil, cercana y comprometida con la gente\u201d. El presidente ha se\u00f1alado que \u201ccerramos esta edici\u00f3n con el orgullo de haber hecho lo que dijimos que har\u00edamos: estar al lado de los Ayuntamientos, garantizar igualdad de oportunidades y acompa\u00f1ar con recursos reales los proyectos que nacen en cada pueblo. Porque invertir en los pueblos no es gastar, es sembrar futuro. Y ese futuro, en la provincia de Albacete, lo estamos construyendo juntos\u201d.<\/p>\n<p><!--publicidad-voz03--><a href=\"https:\/\/www.facebook.com\/profile.php?id=100063593791305&amp;locale=es_ES\"><img decoding=\"async\" class=\"alignnone size-medium\" src=\"https:\/\/blogger.googleusercontent.com\/img\/b\/R29vZ2xl\/AVvXsEi8_n_ll8UOcGxCqzFvb_9Io4ICczlGC990BPtPj2w9Px-u7B3oqWUW5vtjZUqPNJ-nyjiUIorE0ATsib_l5tV8BVN-UJ03RTnU__IHJF_4DgDBtY4LIqXNG-FomrO-7ywes20CBCRM2Hcm7EJSh3UUw1dO-c_uTflUrtgY1i7uBRezj_DpympmEFkfbQY\/s1600\/logo-principal2.jpg\" width=\"100%\" height=\"100\" \/><\/a><!--bestpublic-voz03--><!--desk-in-out-voz03--><br \/>\n<!--publicidad-voz04--><a href=\"https:\/\/www.facebook.com\/profile.php?id=61557370768692&amp;locale=es_ES\"><img decoding=\"async\" class=\"alignnone size-medium\" src=\"https:\/\/blogger.googleusercontent.com\/img\/b\/R29vZ2xl\/AVvXsEgy5RdcfffrnrItnYTcV9bCJjgJwldsQLWssfVfrLbyfXeBNTFKgBf0rMIvhrUaGUhiXzVr9_eQgCbi-j63ZDpfTvLIty9w7s140y-m1yHe7eKmEK7v2NAHUJDVYGdfeiQFeRCqUjdwWmN1MX_AUxxz4IVdJ4WIM0APxit8bjWkXzrnEFGqBvW_1F13H1g\/s1600\/logo-principal5.jpg\" width=\"100%\" height=\"100\" \/><\/a><!--bestpublic-voz04--><!--desk-in-out-voz04--><br \/>\n<!--publicidad-voz05--><a href=\"https:\/\/www.facebook.com\/asociaciontamborileroshellin?locale=es_ES\"><img decoding=\"async\" class=\"alignnone size-medium\" src=\"https:\/\/blogger.googleusercontent.com\/img\/b\/R29vZ2xl\/AVvXsEhHEEpZsKK1VpwiYMrS7aE2ujtqIDZoLd4B5wtbiseSU9s2HdTdQfhF84So2XwEB1fv0BLw95GADm6hUl1bkKtzh-eIgVigXONuu_5RxeIMPhjk8q6uNX4EaEHbooKkbu7pCADWPpVJjhKIH5NQSJpWqedC-YBez4QAQeJYokkLot9bhrIaUAeztsGis6M\/s1600\/logo-principal3.jpg\" width=\"100%\" height=\"100\" \/><\/a><!--bestpublic-voz05--><!--desk-in-out-voz05--><br \/>\n<!--publicidad-voz06--><!--bestpublic-voz06--><!--desk-in-out-voz06--><br \/>\n<!--publicidad-voz07--><!--bestpublic-voz07--><!--desk-in-out-voz07--><br \/>\n<!--publicidad-voz08--><!--bestpublic-voz08--><!--desk-in-out-voz08--><br \/>\n<!--publicidad-voz09--><!--bestpublic-voz09--><!--desk-in-out-voz09--><br \/>\n<!--publicidad-voz10--><!--bestpublic-voz10--><!--desk-in-out-voz10--><br \/>\n<!--publicidad-voz11--><!--bestpublic-voz11--><!--desk-in-out-voz11--><br \/>\n<!--publicidad-voz12--><!--bestpublic-voz12--><!--desk-in-out-voz12--><br \/>\n<!--publicidad-voz13--><!--bestpublic-voz13--><!--desk-in-out-voz13--><br \/>\n<!--publicidad-voz14--><!--bestpublic-voz14--><!--desk-in-out-voz14--><br \/>\n<!--publicidad-voz15--><!--bestpublic-voz15--><!--desk-in-out-voz15--><br \/>\n<!--publicidad-voz16--><!--bestpublic-voz16--><!--desk-in-out-voz16--><\/p>\n","protected":false},"excerpt":{"rendered":"<p>La Diputaci\u00f3n de Albacete culmina el ejercicio 2025 del programa \u2018Dipualba Responde \u2013 Inversiones\u2019 con la aprobaci\u00f3n de su s\u00e9ptima y \u00faltima resoluci\u00f3n, que moviliza 1.842.347,43 \u20ac destinados a financiar&#8230;<\/p>\n","protected":false},"author":2,"featured_media":160826,"comment_status":"closed","ping_status":"closed","sticky":false,"template":"","format":"standard","meta":{"footnotes":""},"categories":[761,718,715,716,717],"tags":[],"class_list":["post-160825","post","type-post","status-publish","format-standard","has-post-thumbnail","hentry","category-blog-lv042","category-blogger","category-la-voz-de-hellin","category-la-voz-de-hellin-la-voz-de-hellin","category-noticias"],"_links":{"self":[{"href":"https:\/\/lavozdehellin.com\/noticias\/wp-json\/wp\/v2\/posts\/160825","targetHints":{"allow":["GET"]}}],"collection":[{"href":"https:\/\/lavozdehellin.com\/noticias\/wp-json\/wp\/v2\/posts"}],"about":[{"href":"https:\/\/lavozdehellin.com\/noticias\/wp-json\/wp\/v2\/types\/post"}],"author":[{"embeddable":true,"href":"https:\/\/lavozdehellin.com\/noticias\/wp-json\/wp\/v2\/users\/2"}],"replies":[{"embeddable":true,"href":"https:\/\/lavozdehellin.com\/noticias\/wp-json\/wp\/v2\/comments?post=160825"}],"version-history":[{"count":0,"href":"https:\/\/lavozdehellin.com\/noticias\/wp-json\/wp\/v2\/posts\/160825\/revisions"}],"wp:featuredmedia":[{"embeddable":true,"href":"https:\/\/lavozdehellin.com\/noticias\/wp-json\/wp\/v2\/media\/160826"}],"wp:attachment":[{"href":"https:\/\/lavozdehellin.com\/noticias\/wp-json\/wp\/v2\/media?parent=160825"}],"wp:term":[{"taxonomy":"category","embeddable":true,"href":"https:\/\/lavozdehellin.com\/noticias\/wp-json\/wp\/v2\/categories?post=160825"},{"taxonomy":"post_tag","embeddable":true,"href":"https:\/\/lavozdehellin.com\/noticias\/wp-json\/wp\/v2\/tags?post=160825"}],"curies":[{"name":"wp","href":"https:\/\/api.w.org\/{rel}","templated":true}]}}