{"id":164335,"date":"2026-04-23T13:36:53","date_gmt":"2026-04-23T11:36:53","guid":{"rendered":"https:\/\/lavozdehellin.com\/noticias\/?p=164335"},"modified":"2026-04-26T18:40:34","modified_gmt":"2026-04-26T16:40:34","slug":"v11-085-lvh-noticias-la-hermandad-de-donantes-de-sangre-de-albacete-celebra-su-asamblea-local-informativa-en-hellin","status":"publish","type":"post","link":"https:\/\/lavozdehellin.com\/noticias\/v11-085-lvh-noticias-la-hermandad-de-donantes-de-sangre-de-albacete-celebra-su-asamblea-local-informativa-en-hellin\/","title":{"rendered":"LVH NOTICIAS | LA HERMANDAD DE DONANTES DE SANGRE DE ALBACETE CELEBRA SU ASAMBLEA LOCAL INFORMATIVA EN HELL\u00cdN"},"content":{"rendered":"<p style=\"text-align: justify;\">NOTA DE PRENSA &#8211; La Hermandad de Donantes de Sangre de Albacete celebra su Asamblea Local Informativa en HELL\u00cdN.<\/p>\n<p style=\"text-align: justify;\">La Hermandad de Donantes de Sangre de Albacete celebrar\u00e1 su Asamblea Local Informativa en HELL\u00cdN ma\u00f1ana viernes, 24 de abril, a las 19 horas en el SAL\u00d3N DE ACTOS DEL HOSPITAL de esta localidad.<\/p>\n<p style=\"text-align: justify;\">Los donantes convocados a esta reuni\u00f3n recibir\u00e1n el galard\u00f3n al que se han hecho acreedores por haber alcanzado el n\u00famero de donaciones correspondientes a Cruz de Bronce (10), Plata (25), Oro (50), Gran Cruz (75 los hombres y 60 las mujeres) y Cruz Mayor (100 donaciones), durante el ejercicio 2025. Adem\u00e1s, se presentar\u00e1 la Memoria de Actividades de la Hermandad correspondiente al pasado a\u00f1o.<\/p>\n<p style=\"text-align: justify;\">El gran n\u00famero de galardonados de la zona muestra que el colectivo de donantes de sangre goza de una gran vitalidad y de una gran fidelidad a sus principios de generosidad y altruismo an\u00f3nimos, y aunque ninguno de ellos espera un premio por su entrega, es de justicia realizar un reconocimiento p\u00fablico para que la sociedad entera conozca su esfuerzo en bien de la salud de todos.<\/p>\n<p style=\"text-align: justify;\">La Hermandad de Donantes de Sangre de Albacete expresa su satisfacci\u00f3n por poder volver a celebrar su Asamblea Local Informativa en Hell\u00edn y espera que todos los convocados puedan asistir al acto, al que tambi\u00e9n quedan invitados los medios de comunicaci\u00f3n y todas las personas que as\u00ed lo deseen.<\/p>\n","protected":false},"excerpt":{"rendered":"<p>NOTA DE PRENSA &#8211; La Hermandad de Donantes de Sangre de Albacete celebra su Asamblea Local Informativa en HELL\u00cdN. La Hermandad de Donantes de Sangre de Albacete celebrar\u00e1 su Asamblea&#8230;<\/p>\n","protected":false},"author":3,"featured_media":164336,"comment_status":"closed","ping_status":"closed","sticky":false,"template":"","format":"standard","meta":{"footnotes":""},"categories":[718],"tags":[],"class_list":["post-164335","post","type-post","status-publish","format-standard","has-post-thumbnail","hentry","category-blogger"],"_links":{"self":[{"href":"https:\/\/lavozdehellin.com\/noticias\/wp-json\/wp\/v2\/posts\/164335","targetHints":{"allow":["GET"]}}],"collection":[{"href":"https:\/\/lavozdehellin.com\/noticias\/wp-json\/wp\/v2\/posts"}],"about":[{"href":"https:\/\/lavozdehellin.com\/noticias\/wp-json\/wp\/v2\/types\/post"}],"author":[{"embeddable":true,"href":"https:\/\/lavozdehellin.com\/noticias\/wp-json\/wp\/v2\/users\/3"}],"replies":[{"embeddable":true,"href":"https:\/\/lavozdehellin.com\/noticias\/wp-json\/wp\/v2\/comments?post=164335"}],"version-history":[{"count":2,"href":"https:\/\/lavozdehellin.com\/noticias\/wp-json\/wp\/v2\/posts\/164335\/revisions"}],"predecessor-version":[{"id":164357,"href":"https:\/\/lavozdehellin.com\/noticias\/wp-json\/wp\/v2\/posts\/164335\/revisions\/164357"}],"wp:featuredmedia":[{"embeddable":true,"href":"https:\/\/lavozdehellin.com\/noticias\/wp-json\/wp\/v2\/media\/164336"}],"wp:attachment":[{"href":"https:\/\/lavozdehellin.com\/noticias\/wp-json\/wp\/v2\/media?parent=164335"}],"wp:term":[{"taxonomy":"category","embeddable":true,"href":"https:\/\/lavozdehellin.com\/noticias\/wp-json\/wp\/v2\/categories?post=164335"},{"taxonomy":"post_tag","embeddable":true,"href":"https:\/\/lavozdehellin.com\/noticias\/wp-json\/wp\/v2\/tags?post=164335"}],"curies":[{"name":"wp","href":"https:\/\/api.w.org\/{rel}","templated":true}]}}