{"id":164338,"date":"2026-04-23T09:48:22","date_gmt":"2026-04-23T07:48:22","guid":{"rendered":"https:\/\/lavozdehellin.com\/noticias\/?p=164338"},"modified":"2026-04-26T18:40:34","modified_gmt":"2026-04-26T16:40:34","slug":"v11-084-lvh-noticias-dipujoven-da-un-paso-mas-y-revoluciona-el-ocio-juvenil-con-una-segunda-edicion-que-combina-multiaventura-musica-y-misterio-en-almansa-hellin-y-la-roda","status":"publish","type":"post","link":"https:\/\/lavozdehellin.com\/noticias\/v11-084-lvh-noticias-dipujoven-da-un-paso-mas-y-revoluciona-el-ocio-juvenil-con-una-segunda-edicion-que-combina-multiaventura-musica-y-misterio-en-almansa-hellin-y-la-roda\/","title":{"rendered":"LVH NOTICIAS | DIPUJOVEN DA UN PASO M\u00c1S Y REVOLUCIONA EL OCIO JUVENIL CON UNA SEGUNDA EDICI\u00d3N QUE COMBINA MULTIAVENTURA, M\u00daSICA Y MISTERIO EN ALMANSA, HELL\u00cdN Y LA RODA"},"content":{"rendered":"<p style=\"text-align: justify;\">El diputado de Juventud y Deportes, Dani Sancha, ha dado a conocer los detalles, avanzando que est\u00e1 destinado a chicos y chicas de la provincia de 12 a 18 a\u00f1os<br \/>\nLas inscripciones est\u00e1n abiertas desde hoy a trav\u00e9s del c\u00f3digo QR que hay en los carteles, com\u00fan para todos los eventos<\/p>\n<p style=\"text-align: justify;\">La Diputaci\u00f3n de Albacete pone en marcha la segunda edici\u00f3n de DipuJoven, tras el \u00e9xito cosechado en 2025 cuando reuni\u00f3 a m\u00e1s de 600 participantes, consolidando un programa dise\u00f1ado para favorecer alternativas de convivencia y ocio saludable entre la juventud de la provincia, independientemente del lugar donde resida.<\/p>\n<p style=\"text-align: justify;\">El diputado de Juventud y Deportes, Dani Sancha, ha sido el encargado de dar a conocer los detalles de esta iniciativa dirigida a chicos y chicas de 12 a 18 a\u00f1os, cuyas inscripciones se pueden realizar desde hoy, y lo ha hecho acompa\u00f1ado de representantes de las localidades que acoger\u00e1n en 2026 este programa itinerante. Se trata de la alcaldesa de Almansa (y diputada provincial de Igualdad), Pilar Callado; el alcalde de Hell\u00edn, Manuel Serena; y el concejal del \u00e1rea en La Roda, Luis Fern\u00e1ndez.<\/p>\n<p style=\"text-align: justify;\">Sancha ha comenzado sus palabras agradeciendo a los ayuntamientos su compromiso y su implicaci\u00f3n activa en el desarrollo de esta propuesta. En este sentido, tambi\u00e9n ha querido destacar el papel de los Centros J\u00f3venes y de los Puntos de Informaci\u00f3n Juvenil como aliados fundamentales del Servicio Provincial de Juventud y Deportes, al tiempo que ha agradecido su labor V\u00e9rtice, empresa encargada de la gesti\u00f3n del programa.<\/p>\n<p style=\"text-align: justify;\">Tal y como ha explicado el diputado, este programa crece y se diversifica, incrementado tambi\u00e9n su presupuesto hasta los 40.000 euros, y apostando por la juventud como motor de dinamizaci\u00f3n social, como agente activo de nuestros pueblos y como protagonista de su propio tiempo de ocio, favoreciendo conexiones entre j\u00f3venes de toda la provincia.<\/p>\n<p style=\"text-align: justify;\">Una segunda edici\u00f3n con novedades<\/p>\n<p style=\"text-align: justify;\">As\u00ed, esta edici\u00f3n mantiene su esencia, pero incorpora novedades para seguir despertando el inter\u00e9s de quienes ya participaron el a\u00f1o anterior y atraer a nuevos participantes, ofreciendo propuestas renovadas y contenidos adaptados a diferentes formas de ocio juvenil.<\/p>\n<p style=\"text-align: justify;\">\u201cTres fechas, tres escenarios y tres iniciativas diferentes, pero con un mismo objetivo: ofrecer a nuestros j\u00f3venes una experiencia inolvidable\u201d, ha afirmado Sancha, explicando que cada una de las jornadas tendr\u00e1 una tem\u00e1tica principal, diferente en cada caso.<\/p>\n<p style=\"text-align: justify;\">En Almansa, el pr\u00f3ximo 30 de mayo, la jornada girar\u00e1 en torno a la multiaventura, con propuestas centradas en la actividad al aire libre, la adrenalina y los retos f\u00edsicos, incluyendo experiencias como kayak, paddle surf o tirolina. En Hell\u00edn, el 5 de septiembre, la m\u00fasica ser\u00e1 la protagonista, configurando un espacio pensado para la expresi\u00f3n, la conexi\u00f3n y la convivencia al ritmo de bandas emergentes de la provincia.<\/p>\n<p style=\"text-align: justify;\">Por su parte, La Roda acoger\u00e1 el 24 de octubre la \u00faltima cita con una tem\u00e1tica inspirada en Halloween, que ofrecer\u00e1 una experiencia inmersiva basada en el misterio y la emoci\u00f3n, \u201cseguramente ya con nuevo Centro Joven inaugurado, que ser\u00e1 un referente en la provincia\u201d, como ha apuntado Sancha.<\/p>\n<p style=\"text-align: justify;\">Seis zonas para disfrutar y conectar<\/p>\n<p style=\"text-align: justify;\">Junto a estas tem\u00e1ticas, todas las jornadas contar\u00e1n con una serie de zonas comunes. En total, se habilitar\u00e1n seis espacios con nombres propios: \u2018Click\u2019, dedicado a la fotograf\u00eda creativa y la expresi\u00f3n visual; \u2018Sabor joven\u2019 de cocina saludable desde una perspectiva pr\u00e1ctica y divertida; \u2018Conexi\u00f3n digital\u2019, dedicado al uso de la tecnolog\u00eda y la inteligencia artificial aplicada al ocio; \u2018Sport Zone\u2019, pensado para la pr\u00e1ctica deportiva y los retos f\u00edsicos en equipo; \u2018Reto 360\u00ba\u2019 con retos de ingenio y creatividad; e \u2018Identidad\u2019, pensado para impulsar el desarrollo personal a trav\u00e9s de din\u00e1micas de autoestima y expresi\u00f3n corporal.<\/p>\n<p style=\"text-align: justify;\">El conjunto de estas propuestas configura, en palabras del diputado, \u201cun programa equilibrado que combina actividad f\u00edsica, creatividad, tecnolog\u00eda y desarrollo emocional, con la convivencia como eje central\u201d.<\/p>\n<p style=\"text-align: justify;\">Inscripciones<\/p>\n<p style=\"text-align: justify;\">Las actividades se desarrollar\u00e1n en horario de once de la ma\u00f1ana a siete de la tarde y tendr\u00e1n car\u00e1cter gratuito, si bien ser\u00e1 necesaria la inscripci\u00f3n previa, ya que se ofrecen 200 plazas por jornada \u201ccon la posibilidad de ampliarlas si se completan\u201d. \u00c9stas se realizar\u00e1n a trav\u00e9s de un enlace y un c\u00f3digo QR com\u00fan para todos los eventos, lo que permitir\u00e1 a los participantes inscribirse en una o varias de las citas programadas.<\/p>\n<p style=\"text-align: justify;\">Adem\u00e1s, la Diputaci\u00f3n facilitar\u00e1 el acceso mediante un servicio de autob\u00fas gratuito que conectar\u00e1 distintas localidades con cada uno de los eventos, incluyendo tambi\u00e9n la comida dentro de la experiencia, con el fin de eliminar barreras y garantizar que todos los j\u00f3venes puedan participar en igualdad de condiciones.<\/p>\n<p style=\"text-align: justify;\">Tres escenarios, tres experiencias<\/p>\n<p style=\"text-align: justify;\">Por su parte, Pilar Callado, Manuel Serena y Luis Fern\u00e1ndez han coincidido en agradecer a la Diputaci\u00f3n de Albacete tanto la puesta en marcha de este programa como la elecci\u00f3n de sus respectivas localidades como sede en su segunda edici\u00f3n, al tiempo que han reconocido el gran trabajo que viene realizando V\u00e9rtice en el territorio.<\/p>\n<p style=\"text-align: justify;\">Almansa, 30 de mayo: multiaventura<\/p>\n<p style=\"text-align: justify;\">La alcaldesa de Almansa, Pilar Callado, ha subrayado la relevancia que tiene el p\u00fablico al que va dirigida esta actividad, apuntando que es necesario plantear desde las administraciones alternativas de ocio alejadas de las pantallas, \u201cotro tipo de aventuras\u201d. Asimismo, ha detallado lo que se van a encontrar los y las participantes en esta jornada dedicada a la multiaventura.<\/p>\n<p style=\"text-align: justify;\">\u201cEn esta ciudad nos tiramos el pantano\u201d, ha explicado, aludiendo \u201cal espacio natural maravilloso\u201d en el que se van a desarrollar las actividades en Almansa, y ha indicado que en los \u00faltimos tiempos se ha realizado un esfuerzo para ampliar la oferta de ocio en la zona. As\u00ed, junto a las actividades acu\u00e1ticas que se vienen realizando, se ha creado un parque multiaventura con tirolina o parque tibetano. A lo que se une la rehabilitaci\u00f3n de la Casa del Llavero, que es un albergue, consiguiendo \u201cllenar de vida el pantano y desde la Diputaci\u00f3n nos ayud\u00e1is en esta tarea a trav\u00e9s de este DipuJoven\u201d, tal y como ha indicado Callado, confiando en que muchos de los participantes volver\u00e1n con sus familias atra\u00eddos por todo lo que la ciudad ofrece.<\/p>\n<p style=\"text-align: justify;\">Hell\u00edn, 5 de septiembre: m\u00fasica<\/p>\n<p style=\"text-align: justify;\">Por su parte, el alcalde de Hell\u00edn, Manuel Serena, ha se\u00f1alado que este programa es \u201cuna gran oportunidad\u201d para los y las j\u00f3venes de la provincia, asegurando que de la mano de DipuJoven \u201cse hace provincia\u201d, y ha explicado por qu\u00e9 han elegido la m\u00fasica como tem\u00e1tica para la jornada que tendr\u00e1 lugar en la localidad, remarcando que es una de las \u00e1reas que m\u00e1s atrae a la gente joven.<\/p>\n<p style=\"text-align: justify;\">\u201cHemos elegido la m\u00fasica porque Hell\u00edn es m\u00fasica por muchas razones y junto a las bandas de Semana Santa, aparte de la Uni\u00f3n Musical, tenemos muchos grupos de m\u00fasica y muchos grupos de m\u00fasica joven que quieren empezar\u201d, ha se\u00f1alado, explicando que trabajan en la creaci\u00f3n de un centro de actividades m\u00faltiples orientado, precisamente, a la juventud, donde tienen previsto que uno de los espacios estar\u00e1 orientado a la m\u00fasica, \u201cpara darle salida a esas bandas que quieren empezar y no tienen un sitio donde ensayar, con lo cual esta iniciativa de la Diputaci\u00f3n nos vino miel sobre hojuelas\u201d.<\/p>\n<p style=\"text-align: justify;\">La Roda, 24 de octubre: Halloween<\/p>\n<p style=\"text-align: justify;\">Finalmente, el concejal de Juventud de La Roda, Luis Fern\u00e1ndez, ha se\u00f1alado que las pol\u00edticas p\u00fablicas tienen que tener en la juventud una prioridad, incidiendo en la importancia de programas como DipuJoven, \u201cque hacen que la juventud encuentre oportunidades en sus localidades\u201d, y ha subrayado que el suyo \u201ces un pueblo vivo\u201d, destacando el nuevo Centro Joven que se inaugurar\u00e1 en los pr\u00f3ximos meses y que acoger\u00e1 esta cita.<\/p>\n<p style=\"text-align: justify;\">\u201cUn centro joven que era una reivindicaci\u00f3n hist\u00f3rica que se ven\u00eda haciendo a\u00f1o tras a\u00f1o por los j\u00f3venes y las familias y que nunca llegaba. Y gracias al esfuerzo de nuestro Equipo de Gobierno, de la mano de nuestro alcalde Juan Ram\u00f3n Amores, va a ser una realidad este verano. Un centro con un espacio joven y deportivo, con una bolera con cuatro pistas, que va a ser un referente y no va a tener nada que envidiar a las grandes ciudades\u201d, ha detallado Fern\u00e1ndez, asegurando que el objetivo es que \u201cla juventud se sienta part\u00edcipe de la sociedad y aferrados a sus ra\u00edces, tradiciones y costumbres, que quiera quedarse a vivir en nuestros pueblos porque el ocio tambi\u00e9n fija poblaci\u00f3n\u201d.<\/p>\n<p style=\"text-align: justify;\">DipuJoven se consolida como una herramienta para activar, conectar e impulsar a la juventud, demostrando que el tiempo de ocio tambi\u00e9n puede ser un espacio para aprender, convivir y construir comunidad, y la presentaci\u00f3n ha concluido con un mensaje dirigido a los y las j\u00f3venes, anim\u00e1ndoles a participar activamente en este programa.<\/p>\n","protected":false},"excerpt":{"rendered":"<p>El diputado de Juventud y Deportes, Dani Sancha, ha dado a conocer los detalles, avanzando que est\u00e1 destinado a chicos y chicas de la provincia de 12 a 18 a\u00f1os&#8230;<\/p>\n","protected":false},"author":3,"featured_media":164339,"comment_status":"closed","ping_status":"closed","sticky":false,"template":"","format":"standard","meta":{"footnotes":""},"categories":[718],"tags":[],"class_list":["post-164338","post","type-post","status-publish","format-standard","has-post-thumbnail","hentry","category-blogger"],"_links":{"self":[{"href":"https:\/\/lavozdehellin.com\/noticias\/wp-json\/wp\/v2\/posts\/164338","targetHints":{"allow":["GET"]}}],"collection":[{"href":"https:\/\/lavozdehellin.com\/noticias\/wp-json\/wp\/v2\/posts"}],"about":[{"href":"https:\/\/lavozdehellin.com\/noticias\/wp-json\/wp\/v2\/types\/post"}],"author":[{"embeddable":true,"href":"https:\/\/lavozdehellin.com\/noticias\/wp-json\/wp\/v2\/users\/3"}],"replies":[{"embeddable":true,"href":"https:\/\/lavozdehellin.com\/noticias\/wp-json\/wp\/v2\/comments?post=164338"}],"version-history":[{"count":2,"href":"https:\/\/lavozdehellin.com\/noticias\/wp-json\/wp\/v2\/posts\/164338\/revisions"}],"predecessor-version":[{"id":164358,"href":"https:\/\/lavozdehellin.com\/noticias\/wp-json\/wp\/v2\/posts\/164338\/revisions\/164358"}],"wp:featuredmedia":[{"embeddable":true,"href":"https:\/\/lavozdehellin.com\/noticias\/wp-json\/wp\/v2\/media\/164339"}],"wp:attachment":[{"href":"https:\/\/lavozdehellin.com\/noticias\/wp-json\/wp\/v2\/media?parent=164338"}],"wp:term":[{"taxonomy":"category","embeddable":true,"href":"https:\/\/lavozdehellin.com\/noticias\/wp-json\/wp\/v2\/categories?post=164338"},{"taxonomy":"post_tag","embeddable":true,"href":"https:\/\/lavozdehellin.com\/noticias\/wp-json\/wp\/v2\/tags?post=164338"}],"curies":[{"name":"wp","href":"https:\/\/api.w.org\/{rel}","templated":true}]}}