{"id":164341,"date":"2026-04-22T18:02:31","date_gmt":"2026-04-22T16:02:31","guid":{"rendered":"https:\/\/lavozdehellin.com\/noticias\/?p=164341"},"modified":"2026-04-26T18:40:34","modified_gmt":"2026-04-26T16:40:34","slug":"v11-083-lvh-noticias-coso-de-los-sentidos-un-evento-solidario-e-inclusivo-a-favor-de-las-personas-con-tea","status":"publish","type":"post","link":"https:\/\/lavozdehellin.com\/noticias\/v11-083-lvh-noticias-coso-de-los-sentidos-un-evento-solidario-e-inclusivo-a-favor-de-las-personas-con-tea\/","title":{"rendered":"LVH NOTICIAS | \u201cCOSO DE LOS SENTIDOS\u201d, UN EVENTO SOLIDARIO E INCLUSIVO A FAVOR DE LAS PERSONAS CON TEA"},"content":{"rendered":"<p style=\"text-align: justify;\">Tendr\u00e1 lugar el 9 de mayo, de 12:00 a 23:00, en la Plaza de toros. Una experiencia l\u00fadica y de ocio multisensorial con una entrada de 3\u20195\u20ac<\/p>\n<p style=\"text-align: justify;\">La Plaza de Toros de Hell\u00edn ser\u00e1 el escenario, el pr\u00f3ximo 9 de mayo, de la segunda edici\u00f3n del \u201cCoso de los Sentidos\u201d, un evento solidario, inclusivo y multisensorial organizado por la Asociaci\u00f3n Desarrollo, en colaboraci\u00f3n con el Ayuntamiento de Hell\u00edn, que ha aportado recursos de las concejal\u00edas de Cultura, Medioambiente, Obras y Servicios, Servicios Sociales, Comercio, Sanidad y Familia.<\/p>\n<p style=\"text-align: justify;\">Con la envoltura de una jornada l\u00fadica y de ocio, la verdadera finalidad de la iniciativa es sensibilizar a la sociedad frente a las personas y familias que sufren trastorno del espectro autista; as\u00ed como recaudar fondos que se destinar\u00e1n a ofrecerles una mayor calidad de vida. La concejal de Servicios Sociales, Miryam Maestre, ha destacado la importancia de este tipo de iniciativas se\u00f1alando que \u201cel \u2018Coso de los Sentidos\u2019 es mucho m\u00e1s que un evento de ocio; es una herramienta fundamental para visibilizar la realidad de las personas con TEA y avanzar hacia una sociedad m\u00e1s inclusiva, accesible y comprometida. Desde el Ayuntamiento seguiremos apoyando propuestas que fomenten la empat\u00eda y la participaci\u00f3n de toda la ciudadan\u00eda\u201d.<\/p>\n<p style=\"text-align: justify;\">El \u201cCoso de los Sentidos\u201d se configura como una experiencia \u00fanica basada en la estimulaci\u00f3n de los cinco sentidos \u2014vista, o\u00eddo, gusto, tacto y olfato\u2014 mediante un recorrido din\u00e1mico de actividades culturales, gastron\u00f3micas, l\u00fadicas y educativas.<\/p>\n<p style=\"text-align: justify;\">EL COSO DE LOS SENTIDOS 2026<\/p>\n<p style=\"text-align: justify;\">El ruedo de la Plaza de Toros se volver\u00e1 a trasformar en un espacio accesible y participativo con distintas zonas tem\u00e1ticas. La amplia oferta de entretenimiento abarca actuaciones musicales en directo, exhibiciones de baile y animaci\u00f3n musical itinerante. Asimismo, el evento incorporar\u00e1 medidas espec\u00edficas para garantizar la accesibilidad y el bienestar de todos los asistentes, como una zona de respiro sensorial, punto de lactancia, atenci\u00f3n sanitaria y espacios delimitados para p\u00fablico infantil.<\/p>\n<p style=\"text-align: justify;\">El acceso a la experiencia cuesta solamente 3\u20195\u20ac, con consumici\u00f3n incluida. Las entradas se pueden adquirir en: Nuem\u00e1ticos DLP, \u00d3ptica Hell\u00edn, Papeler\u00eda Ance, Magnolia Web, Fotos Pr\u00edncipe, Croquetas La Plaza, Delice, Carnicer\u00eda Manolo, Telepizza, Asociaci\u00f3n Desarrollo, Stock Market, en la academia Jennifer S\u00e1nchez y Ecologic Print, Malavita, Envero y X3 Sport Center en Hell\u00edn. En las pedan\u00edas: en el supermercado Superalba, de Ca\u00f1ada de Agra; y en Isso, en el bar de Rinc\u00f3n de Paco. Los nuevos puntos de venta que fueran habilit\u00e1ndose se ir\u00e1n comunicando a trav\u00e9s de las redes de la Asociaci\u00f3n.<\/p>\n<p style=\"text-align: justify;\">Esta edici\u00f3n las entradas est\u00e1n limitadas y numeradas, por lo que la Asociaci\u00f3n aconseja que aquellos que quieran asistir las adquieran lo antes posible. Igualmente se ha habilitado una fila cero, para que aquellas personas que no quieran o no puedan asistir al evento puedan colaborar con el colectivo adquiriendo un ticket simb\u00f3lico, que no da derecho a acceder al recinto. Con esta acci\u00f3n no se resta una entrada de acceso a quien s\u00ed tenga la voluntad de asistir.<\/p>\n<p style=\"text-align: justify;\">Las puertas se abrir\u00e1n a las 12:00 y permanecer\u00e1n abiertas ininterrumpidamente hasta las 23:00, con el siguiente programa:<\/p>\n<p style=\"text-align: justify;\">De 12:30 a 13:30: Actuaci\u00f3n de Jennifer S\u00e1nchez Escuela de Baile<\/p>\n<p style=\"text-align: justify;\">De 12:30 a 13:15: Apertura Coso Culinario, puestos gastron\u00f3micos<\/p>\n<p style=\"text-align: justify;\">De 12:30 a 19:30: Ludoteca de la mano de Bavayaba e hinchables<\/p>\n<p style=\"text-align: justify;\">De 12:30 a 14:15: Cata de vinos organizada por Envero. Venta de tickets anticipada en el gastrobar Envero (9\u20ac; 2\u20ac son donativo para la asociaci\u00f3n)<\/p>\n<p style=\"text-align: justify;\">De 13:45 a 14:45: Charanga komo Kbrass<\/p>\n<p style=\"text-align: justify;\">De 14:45 a 16:30: Espacio animado con m\u00fasica<\/p>\n<p style=\"text-align: justify;\">De 16:45 a 22:00: M\u00fasica en directo, con las actuaciones de \u00danico Sentido, Hell\u00edn Blues Band y Salida 63.<\/p>\n","protected":false},"excerpt":{"rendered":"<p>Tendr\u00e1 lugar el 9 de mayo, de 12:00 a 23:00, en la Plaza de toros. Una experiencia l\u00fadica y de ocio multisensorial con una entrada de 3\u20195\u20ac La Plaza de&#8230;<\/p>\n","protected":false},"author":3,"featured_media":164342,"comment_status":"closed","ping_status":"closed","sticky":false,"template":"","format":"standard","meta":{"footnotes":""},"categories":[718],"tags":[],"class_list":["post-164341","post","type-post","status-publish","format-standard","has-post-thumbnail","hentry","category-blogger"],"_links":{"self":[{"href":"https:\/\/lavozdehellin.com\/noticias\/wp-json\/wp\/v2\/posts\/164341","targetHints":{"allow":["GET"]}}],"collection":[{"href":"https:\/\/lavozdehellin.com\/noticias\/wp-json\/wp\/v2\/posts"}],"about":[{"href":"https:\/\/lavozdehellin.com\/noticias\/wp-json\/wp\/v2\/types\/post"}],"author":[{"embeddable":true,"href":"https:\/\/lavozdehellin.com\/noticias\/wp-json\/wp\/v2\/users\/3"}],"replies":[{"embeddable":true,"href":"https:\/\/lavozdehellin.com\/noticias\/wp-json\/wp\/v2\/comments?post=164341"}],"version-history":[{"count":2,"href":"https:\/\/lavozdehellin.com\/noticias\/wp-json\/wp\/v2\/posts\/164341\/revisions"}],"predecessor-version":[{"id":164359,"href":"https:\/\/lavozdehellin.com\/noticias\/wp-json\/wp\/v2\/posts\/164341\/revisions\/164359"}],"wp:featuredmedia":[{"embeddable":true,"href":"https:\/\/lavozdehellin.com\/noticias\/wp-json\/wp\/v2\/media\/164342"}],"wp:attachment":[{"href":"https:\/\/lavozdehellin.com\/noticias\/wp-json\/wp\/v2\/media?parent=164341"}],"wp:term":[{"taxonomy":"category","embeddable":true,"href":"https:\/\/lavozdehellin.com\/noticias\/wp-json\/wp\/v2\/categories?post=164341"},{"taxonomy":"post_tag","embeddable":true,"href":"https:\/\/lavozdehellin.com\/noticias\/wp-json\/wp\/v2\/tags?post=164341"}],"curies":[{"name":"wp","href":"https:\/\/api.w.org\/{rel}","templated":true}]}}