{"id":164347,"date":"2026-04-22T11:15:02","date_gmt":"2026-04-22T09:15:02","guid":{"rendered":"https:\/\/lavozdehellin.com\/noticias\/?p=164347"},"modified":"2026-04-26T18:40:34","modified_gmt":"2026-04-26T16:40:34","slug":"v11-081-lvh-noticias-el-ayuntamiento-de-hellin-ha-presentado-un-curso-de-defensa-personal-femenina-una-iniciativa-pionera-en-hellin","status":"publish","type":"post","link":"https:\/\/lavozdehellin.com\/noticias\/v11-081-lvh-noticias-el-ayuntamiento-de-hellin-ha-presentado-un-curso-de-defensa-personal-femenina-una-iniciativa-pionera-en-hellin\/","title":{"rendered":"LVH NOTICIAS | EL AYUNTAMIENTO DE HELL\u00cdN HA PRESENTADO UN CURSO DE DEFENSA PERSONAL FEMENINA, UNA INICIATIVA PIONERA EN HELL\u00cdN"},"content":{"rendered":"<p style=\"text-align: justify;\">DEFENSA PERSONAL FEMENINA | El Ayuntamiento programa un curso gratuito para mujeres y ni\u00f1as<\/p>\n<p style=\"text-align: justify;\">Abordar\u00e1 de manera pr\u00e1ctica sistemas de defensa basados en situaciones reales, accesibles a cualquier mujer, sin necesidad de tener una condici\u00f3n f\u00edsica espec\u00edfica<\/p>\n<p style=\"text-align: justify;\">El Ayuntamiento de Hell\u00edn ha presentado un Curso de Defensa Personal Femenina, una iniciativa pionera en Hell\u00edn, que responde a una demanda social creciente y que tiene como objetivo dotar a las mujeres de herramientas b\u00e1sicas de autoprotecci\u00f3n y seguridad.<\/p>\n<p style=\"text-align: justify;\">El alcalde de Hell\u00edn, Manuel Serena, tambi\u00e9n concejal de Mujer e Igualdad y Seguridad Ciudadana, ha destacado que este curso \u201ces una petici\u00f3n que venimos oyendo desde hace mucho tiempo\u201d, que ha sido posible gracias a la iniciativa de la Polic\u00eda Local y al trabajo transversal de la Concejal\u00eda de Mujer e Igualdad. Serena ha subrayado que el objetivo principal es \u201cllegar a la m\u00e1xima poblaci\u00f3n posible\u201d con una formaci\u00f3n centrada no en la lucha, sino en t\u00e9cnicas de escape y prevenci\u00f3n. Asimismo, ha adelantado que esta actividad podr\u00eda tener continuidad en el tiempo, con el fin de ampliar su alcance y responder a la demanda ciudadana.<\/p>\n<p style=\"text-align: justify;\">Por su parte, el jefe de la Polic\u00eda Local, Antonio Valenciano, ha puesto en valor la importancia de este tipo de iniciativas dentro de las pol\u00edticas de seguridad y protecci\u00f3n de la mujer. Ha se\u00f1alado que este curso se enmarca en el compromiso continuo del cuerpo policial con la defensa de los derechos de las mujeres y la lucha contra la violencia de g\u00e9nero. Valenciano ha explicado que el curso se celebrar\u00e1 el s\u00e1bado 9 de mayo de 2026, de 11:30 a 13:30, en el Pabell\u00f3n Polideportivo Adolfo Su\u00e1rez. Elt\u00e1 dirigido a mujeres y ni\u00f1as a partir de 14 a\u00f1os. La inscripci\u00f3n previa podr\u00e1 realizarse en el Ayuntamiento, dependencias de Polic\u00eda Local, Centro de la Mujer y en la Biblioteca Municipal.<\/p>\n<p style=\"text-align: justify;\">El instructor del curso, Dami\u00e1n Guti\u00e9rrez, instructor de defensa personal y defensa personal policial, ha explicado que se trata de \u201cuna formaci\u00f3n accesible para cualquier mujer, sin necesidad de experiencia previa ni condici\u00f3n f\u00edsica especial. No es un arte marcial, es un sistema de defensa basado en situaciones reales\u201d, ha se\u00f1alado, detallando que se trabajar\u00e1n casos como agarres, intentos de inmovilizaci\u00f3n o ataques en el suelo. Guti\u00e9rrez ha incidido en la sencillez y utilidad de las t\u00e9cnicas, animando a todas las mujeres a participar en una actividad que considera \u201cmuy \u00fatil en los tiempos que corren\u201d.<\/p>\n<p style=\"text-align: justify;\">El curso, de car\u00e1cter gratuito, busca no solo ense\u00f1ar t\u00e9cnicas de autoprotecci\u00f3n, sino tambi\u00e9n reforzar la confianza y seguridad personal de las participantes, en un entorno pr\u00e1ctico y adaptado a situaciones cotidianas.<\/p>\n","protected":false},"excerpt":{"rendered":"<p>DEFENSA PERSONAL FEMENINA | El Ayuntamiento programa un curso gratuito para mujeres y ni\u00f1as Abordar\u00e1 de manera pr\u00e1ctica sistemas de defensa basados en situaciones reales, accesibles a cualquier mujer, sin&#8230;<\/p>\n","protected":false},"author":3,"featured_media":164348,"comment_status":"closed","ping_status":"closed","sticky":false,"template":"","format":"standard","meta":{"footnotes":""},"categories":[718],"tags":[],"class_list":["post-164347","post","type-post","status-publish","format-standard","has-post-thumbnail","hentry","category-blogger"],"_links":{"self":[{"href":"https:\/\/lavozdehellin.com\/noticias\/wp-json\/wp\/v2\/posts\/164347","targetHints":{"allow":["GET"]}}],"collection":[{"href":"https:\/\/lavozdehellin.com\/noticias\/wp-json\/wp\/v2\/posts"}],"about":[{"href":"https:\/\/lavozdehellin.com\/noticias\/wp-json\/wp\/v2\/types\/post"}],"author":[{"embeddable":true,"href":"https:\/\/lavozdehellin.com\/noticias\/wp-json\/wp\/v2\/users\/3"}],"replies":[{"embeddable":true,"href":"https:\/\/lavozdehellin.com\/noticias\/wp-json\/wp\/v2\/comments?post=164347"}],"version-history":[{"count":2,"href":"https:\/\/lavozdehellin.com\/noticias\/wp-json\/wp\/v2\/posts\/164347\/revisions"}],"predecessor-version":[{"id":164361,"href":"https:\/\/lavozdehellin.com\/noticias\/wp-json\/wp\/v2\/posts\/164347\/revisions\/164361"}],"wp:featuredmedia":[{"embeddable":true,"href":"https:\/\/lavozdehellin.com\/noticias\/wp-json\/wp\/v2\/media\/164348"}],"wp:attachment":[{"href":"https:\/\/lavozdehellin.com\/noticias\/wp-json\/wp\/v2\/media?parent=164347"}],"wp:term":[{"taxonomy":"category","embeddable":true,"href":"https:\/\/lavozdehellin.com\/noticias\/wp-json\/wp\/v2\/categories?post=164347"},{"taxonomy":"post_tag","embeddable":true,"href":"https:\/\/lavozdehellin.com\/noticias\/wp-json\/wp\/v2\/tags?post=164347"}],"curies":[{"name":"wp","href":"https:\/\/api.w.org\/{rel}","templated":true}]}}