{"id":164350,"date":"2026-04-22T10:16:42","date_gmt":"2026-04-22T08:16:42","guid":{"rendered":"https:\/\/lavozdehellin.com\/noticias\/?p=164350"},"modified":"2026-04-26T18:40:34","modified_gmt":"2026-04-26T16:40:34","slug":"v11-080-lvh-noticias-hellin-arropa-a-su-protabgonista-la-cantante-anita-coral","status":"publish","type":"post","link":"https:\/\/lavozdehellin.com\/noticias\/v11-080-lvh-noticias-hellin-arropa-a-su-protabgonista-la-cantante-anita-coral\/","title":{"rendered":"LVH NOTICIAS | HELL\u00cdN ARROPA A SU \u2018PROTABGONISTA\u2019, LA CANTANTE ANITA CORAL"},"content":{"rendered":"<p style=\"text-align: justify;\">La presentaci\u00f3n del libro Protagonistas. Albacete\u00f1os imprescindibles, celebrada en el sal\u00f3n de actos del MUSS de Hell\u00edn, reuni\u00f3 a numeroso p\u00fablico interesado en esta publicaci\u00f3n que pone en valor a figuras relevantes de Albacete y que incluye a la cantante hellinera Anita Coral como uno de sus protagonistas. El acto fue conducido por Sandra, la coordinadora de la Red de Bibliotecas Municipales de Hell\u00edn, que orginz\u00f3 la presentaci\u00f3n.<\/p>\n<p style=\"text-align: justify;\">El libro, escrito por Juan Antonio Gonz\u00e1lez con fotograf\u00edas de Josema Moreno, recoge historias personales y profesionales de distintos protagonistas albacete\u00f1os, ofreciendo una mirada cercana y humana a sus trayectorias, as\u00ed como a su contribuci\u00f3n en distintos \u00e1mbitos sociales, culturales y profesionales.<\/p>\n<p style=\"text-align: justify;\">Uno de los momentos m\u00e1s emotivos del acto fue la participaci\u00f3n de la artista hellinera Anita Coral, quien fue arropada con el cari\u00f1o del p\u00fablico asistente. Durante su intervenci\u00f3n, comparti\u00f3 an\u00e9cdotas de su carrera, desde sus inicios en los teatros Espa\u00f1ol y Victoria de Hell\u00edn, pasando por sus an\u00e9cdotas cpn artistas como Karina o Miguel R\u00edos, hasta la actualidad, despertando el inter\u00e9s y la complicidad de los asistentes. Su intervenci\u00f3n fue uno de los momentos m\u00e1s celebrados de la tarde, generando una conexi\u00f3n especial con el p\u00fablico, que reconoci\u00f3 su trayectoria con una c\u00e1lida acogida.<\/p>\n<p style=\"text-align: justify;\">El libro ya est\u00e1 disponible para su adquisici\u00f3n en la Librer\u00eda Flomicar, ubicada en la Gran V\u00eda, 33 de Hell\u00edn, facilitando as\u00ed que los lectores puedan acercarse a estas historias que destacan el talento y la identidad de Albacete, como es el caso de la hellinera Anita Coral.<\/p>\n","protected":false},"excerpt":{"rendered":"<p>La presentaci\u00f3n del libro Protagonistas. Albacete\u00f1os imprescindibles, celebrada en el sal\u00f3n de actos del MUSS de Hell\u00edn, reuni\u00f3 a numeroso p\u00fablico interesado en esta publicaci\u00f3n que pone en valor a&#8230;<\/p>\n","protected":false},"author":3,"featured_media":164351,"comment_status":"closed","ping_status":"closed","sticky":false,"template":"","format":"standard","meta":{"footnotes":""},"categories":[718],"tags":[],"class_list":["post-164350","post","type-post","status-publish","format-standard","has-post-thumbnail","hentry","category-blogger"],"_links":{"self":[{"href":"https:\/\/lavozdehellin.com\/noticias\/wp-json\/wp\/v2\/posts\/164350","targetHints":{"allow":["GET"]}}],"collection":[{"href":"https:\/\/lavozdehellin.com\/noticias\/wp-json\/wp\/v2\/posts"}],"about":[{"href":"https:\/\/lavozdehellin.com\/noticias\/wp-json\/wp\/v2\/types\/post"}],"author":[{"embeddable":true,"href":"https:\/\/lavozdehellin.com\/noticias\/wp-json\/wp\/v2\/users\/3"}],"replies":[{"embeddable":true,"href":"https:\/\/lavozdehellin.com\/noticias\/wp-json\/wp\/v2\/comments?post=164350"}],"version-history":[{"count":2,"href":"https:\/\/lavozdehellin.com\/noticias\/wp-json\/wp\/v2\/posts\/164350\/revisions"}],"predecessor-version":[{"id":164362,"href":"https:\/\/lavozdehellin.com\/noticias\/wp-json\/wp\/v2\/posts\/164350\/revisions\/164362"}],"wp:featuredmedia":[{"embeddable":true,"href":"https:\/\/lavozdehellin.com\/noticias\/wp-json\/wp\/v2\/media\/164351"}],"wp:attachment":[{"href":"https:\/\/lavozdehellin.com\/noticias\/wp-json\/wp\/v2\/media?parent=164350"}],"wp:term":[{"taxonomy":"category","embeddable":true,"href":"https:\/\/lavozdehellin.com\/noticias\/wp-json\/wp\/v2\/categories?post=164350"},{"taxonomy":"post_tag","embeddable":true,"href":"https:\/\/lavozdehellin.com\/noticias\/wp-json\/wp\/v2\/tags?post=164350"}],"curies":[{"name":"wp","href":"https:\/\/api.w.org\/{rel}","templated":true}]}}