{"id":164353,"date":"2026-04-21T15:55:23","date_gmt":"2026-04-21T13:55:23","guid":{"rendered":"https:\/\/lavozdehellin.com\/noticias\/?p=164353"},"modified":"2026-04-26T18:40:34","modified_gmt":"2026-04-26T16:40:34","slug":"v11-079-lvh-noticias-el-ayuntamiento-de-hellin-presenta-la-x-fiesta-del-libro-2026","status":"publish","type":"post","link":"https:\/\/lavozdehellin.com\/noticias\/v11-079-lvh-noticias-el-ayuntamiento-de-hellin-presenta-la-x-fiesta-del-libro-2026\/","title":{"rendered":"LVH NOTICIAS | EL AYUNTAMIENTO DE HELL\u00cdN PRESENTA LA X FIESTA DEL LIBRO 2026"},"content":{"rendered":"<p style=\"text-align: justify;\">NOTA DE PRENSA &#8211; X FIESTA DEL LIBRO \u201cEL MISTERIO\u201d<\/p>\n<p style=\"text-align: justify;\">El Ayuntamiento de Hell\u00edn, a trav\u00e9s del Centro Joven, el Archivo Municipal, la Red de Bibliotecas de Hell\u00edn, los centros educativos de la localidad, las concejal\u00edas de Educaci\u00f3n, Cultura y Juventud, y la colaboraci\u00f3n de Radio Hell\u00edn, presentan la X Fiesta del Libro 2026, una cita ya consolidada en el calendario cultural que tendr\u00e1 lugar el pr\u00f3ximo viernes, 24 de abril de 2026, en el Recinto Ferial de Hell\u00edn.<\/p>\n<p style=\"text-align: justify;\">Esta d\u00e9cima edici\u00f3n adquiere un car\u00e1cter especial al rendir homenaje a Agatha Christie en el 50.\u00ba aniversario de su fallecimiento. Considerada la \u201cReina del Crimen\u201d, su legado literario y su maestr\u00eda en el g\u00e9nero del misterio ser\u00e1n el eje tem\u00e1tico de una jornada repleta de actividades dirigidas a todos los p\u00fablicos.<\/p>\n<p style=\"text-align: justify;\">Como novedad, este a\u00f1o la actividad \u2014concertada con centros docentes\u2014 cambia de ubicaci\u00f3n y se desarrollar\u00e1 en la zona de \u201cLa Noria\u201d del Recinto Ferial, facilitando un espacio m\u00e1s amplio y din\u00e1mico para el desarrollo de la programaci\u00f3n.<\/p>\n<p style=\"text-align: justify;\">Bajo el lema \u201cMisterio\u201d, la programaci\u00f3n combinar\u00e1 literatura, m\u00fasica, dinamizaci\u00f3n lectora y propuestas educativas. Entre los actos destacados se encuentra el marat\u00f3n de lectura de la obra Asesinato en el Orient Express, talleres tem\u00e1ticos adaptados a distintas edades, cuentacuentos, conciertos y actividades participativas centradas en la investigaci\u00f3n y el suspense.<\/p>\n<p style=\"text-align: justify;\">La jornada comenzar\u00e1 a las 10:15 horas con la atenci\u00f3n a medios y representaci\u00f3n institucional, seguida de la inauguraci\u00f3n oficial y la entrega del 33\u00ba Premio Municipal de Narraciones y Marcap\u00e1ginas. A lo largo de la ma\u00f1ana se suceder\u00e1n talleres educativos \u2014desde propuestas de detectives para educaci\u00f3n infantil hasta escape rooms y actividades de l\u00f3gica para estudiantes de primaria y secundaria\u2014 junto a un concierto a cargo del alumnado del IES Melchor de Macanaz y un cuentacuentos a cargo de Juan Vill\u00e9n.<\/p>\n<p style=\"text-align: justify;\">El evento culminar\u00e1 a las 13:45 horas con la lectura del Manifiesto del D\u00eda del Libro 2026, poniendo el broche final a una jornada que busca fomentar el h\u00e1bito lector, la creatividad y el pensamiento cr\u00edtico.<\/p>\n<p style=\"text-align: justify;\">La X Fiesta del Libro cuenta con la colaboraci\u00f3n de entidades como la Diputaci\u00f3n de Albacete y forma parte del compromiso del municipio con la promoci\u00f3n de la cultura y la educaci\u00f3n.<\/p>\n<p style=\"text-align: justify;\">Desde la organizaci\u00f3n se invita a la comunidad educativa y a toda la ciudadan\u00eda a participar en esta celebraci\u00f3n literaria \u00fanica, pensada para disfrutar, aprender y descubrir el fascinante mundo del misterio.<\/p>\n<p style=\"text-align: justify;\">Actividades de la Semana del Libro<\/p>\n<p style=\"text-align: justify;\">Adem\u00e1s, con motivo de la celebraci\u00f3n del D\u00eda del Libro, la Red de Bibliotecas de Hell\u00edn ha organizado una completa programaci\u00f3n de actividades culturales durante la semana previa y posterior al evento principal.<\/p>\n<p style=\"text-align: justify;\">Entre ellas destacan presentaciones literarias como \u201cEl regalo de la vida\u201d, de Jaime Garc\u00eda Titos, y \u201cProtagonistas albacete\u00f1os imprescindibles\u201d, de Juan Antonio Gonz\u00e1lez Ochoa; sesiones de bebeteca en escuelas infantiles; la actividad \u201cAgatha en el Archivo\u201d en el Archivo Municipal; cuentacuentos a cargo de Juan Vill\u00e9n; talleres creativos como \u201cLectibe: taller de camisetas\u201d; y actividades en pedan\u00edas y bibliotecas municipales.<\/p>\n<p style=\"text-align: justify;\">Esta programaci\u00f3n complementaria refuerza el compromiso de la Red de Bibliotecas con la animaci\u00f3n a la lectura y acerca la celebraci\u00f3n del libro a todos los p\u00fablicos y rincones del municipio.<\/p>\n","protected":false},"excerpt":{"rendered":"<p>NOTA DE PRENSA &#8211; X FIESTA DEL LIBRO \u201cEL MISTERIO\u201d El Ayuntamiento de Hell\u00edn, a trav\u00e9s del Centro Joven, el Archivo Municipal, la Red de Bibliotecas de Hell\u00edn, los centros&#8230;<\/p>\n","protected":false},"author":3,"featured_media":164354,"comment_status":"closed","ping_status":"closed","sticky":false,"template":"","format":"standard","meta":{"footnotes":""},"categories":[718],"tags":[],"class_list":["post-164353","post","type-post","status-publish","format-standard","has-post-thumbnail","hentry","category-blogger"],"_links":{"self":[{"href":"https:\/\/lavozdehellin.com\/noticias\/wp-json\/wp\/v2\/posts\/164353","targetHints":{"allow":["GET"]}}],"collection":[{"href":"https:\/\/lavozdehellin.com\/noticias\/wp-json\/wp\/v2\/posts"}],"about":[{"href":"https:\/\/lavozdehellin.com\/noticias\/wp-json\/wp\/v2\/types\/post"}],"author":[{"embeddable":true,"href":"https:\/\/lavozdehellin.com\/noticias\/wp-json\/wp\/v2\/users\/3"}],"replies":[{"embeddable":true,"href":"https:\/\/lavozdehellin.com\/noticias\/wp-json\/wp\/v2\/comments?post=164353"}],"version-history":[{"count":2,"href":"https:\/\/lavozdehellin.com\/noticias\/wp-json\/wp\/v2\/posts\/164353\/revisions"}],"predecessor-version":[{"id":164363,"href":"https:\/\/lavozdehellin.com\/noticias\/wp-json\/wp\/v2\/posts\/164353\/revisions\/164363"}],"wp:featuredmedia":[{"embeddable":true,"href":"https:\/\/lavozdehellin.com\/noticias\/wp-json\/wp\/v2\/media\/164354"}],"wp:attachment":[{"href":"https:\/\/lavozdehellin.com\/noticias\/wp-json\/wp\/v2\/media?parent=164353"}],"wp:term":[{"taxonomy":"category","embeddable":true,"href":"https:\/\/lavozdehellin.com\/noticias\/wp-json\/wp\/v2\/categories?post=164353"},{"taxonomy":"post_tag","embeddable":true,"href":"https:\/\/lavozdehellin.com\/noticias\/wp-json\/wp\/v2\/tags?post=164353"}],"curies":[{"name":"wp","href":"https:\/\/api.w.org\/{rel}","templated":true}]}}