{"id":164365,"date":"2026-04-30T14:03:27","date_gmt":"2026-04-30T12:03:27","guid":{"rendered":"https:\/\/lavozdehellin.com\/noticias\/?p=164365"},"modified":"2026-05-02T11:51:21","modified_gmt":"2026-05-02T09:51:21","slug":"v11-185-lvh-noticias-el-ayuntamiento-refuerza-la-seguridad-con-la-ampliacion-del-sistema-de-camaras-de-vigilancia","status":"publish","type":"post","link":"https:\/\/lavozdehellin.com\/noticias\/v11-185-lvh-noticias-el-ayuntamiento-refuerza-la-seguridad-con-la-ampliacion-del-sistema-de-camaras-de-vigilancia\/","title":{"rendered":"LVH NOTICIAS | EL AYUNTAMIENTO REFUERZA LA SEGURIDAD CON LA AMPLIACI\u00d3N DEL SISTEMA DE C\u00c1MARAS DE VIGILANCIA"},"content":{"rendered":"<p style=\"text-align: justify;\">Nota de prensa. &#8211; 14 bloques de c\u00e1maras que cubren zonas p\u00fablicas estrat\u00e9gicas y la totalidad de entradas y salidas de la ciudad<\/p>\n<p style=\"text-align: justify;\">Manuel Serena, concejal de Seguridad ciudadana -y primer edil- ha dado un nuevo paso en su estrategia de mejora de la seguridad ciudadana con la ampliaci\u00f3n del sistema de c\u00e1maras de vigilancia y control de tr\u00e1fico. Esta actuaci\u00f3n, presentada conjuntamente por el alcalde y el jefe de la Polic\u00eda Local, Antonio Valenciano, responde al compromiso del equipo de gobierno de situar la seguridad como una prioridad en la acci\u00f3n municipal. Durante su intervenci\u00f3n, Serena ha subrayado que esta iniciativa refleja la forma de trabajar del actual gobierno local: \u201cun lema muy sencillo: hechos en lugar de palabras\u201d.<\/p>\n<p style=\"text-align: justify;\">El sistema de vigilancia ha pasado de cuatro a catorce bloques de c\u00e1maras distribuidos en puntos estrat\u00e9gicos, lo que supone un total de 28 dispositivos destinados a mejorar el control del tr\u00e1fico y reforzar la seguridad en las v\u00edas p\u00fablicas. \u201cEste sistema no solo permite vigilar, sino tambi\u00e9n anticiparse, prevenir situaciones de riesgo y actuar con mayor eficacia\u201d, ha detallado el alcalde, quien ha a\u00f1adido que el objetivo es ofrecer \u201cuna respuesta m\u00e1s \u00e1gil y m\u00e1s moderna a los problemas reales de nuestros vecinos\u201d.<\/p>\n<p style=\"text-align: justify;\">A esta red se suma la instalaci\u00f3n progresiva de c\u00e1maras en edificios municipales, lo que contribuye a la protecci\u00f3n de espacios p\u00fablicos. Seg\u00fan Serena, se trata de \u201cuna hoja de ruta clara para modernizar Hell\u00edn y garantizar que nuestros ciudadanos vivan en un entorno m\u00e1s seguro\u201d.<\/p>\n<p style=\"text-align: justify;\">Asimismo, el alcalde ha puesto en valor la coordinaci\u00f3n entre cuerpos de seguridad, agradeciendo el trabajo conjunto de Polic\u00eda Local, Polic\u00eda Nacional y Guardia Civil. \u201cLas c\u00e1maras de seguridad, junto con la labor policial, est\u00e1n resultando una herramienta fundamental para que los hechos delictivos no queden impunes\u201d.<\/p>\n<p style=\"text-align: justify;\">Por su parte, Antonio Valenciano ha declarado que la ampliaci\u00f3n responde a los buenos resultados obtenidos hasta ahora. \u201cLo que ya se ten\u00eda nos estaba dando muchas satisfacciones y un trabajo muy optimizado y beneficioso en la labor policial\u201d.<\/p>\n<p style=\"text-align: justify;\">Valenciano ha explicado c\u00f3mo las c\u00e1maras, que incluyen un software de reconocimiento de matr\u00edculas, permiten conocer en tiempo real el flujo de veh\u00edculos y mejorar la gesti\u00f3n del tr\u00e1fico, adem\u00e1s de facilitar la resoluci\u00f3n de incidentes. \u201cSabemos qui\u00e9n entra y qui\u00e9n sale de la poblaci\u00f3n en un momento determinado, lo que es altamente importante para la seguridad y la cooperaci\u00f3n con otros cuerpos\u201d.<\/p>\n<p style=\"text-align: justify;\">El jefe de la Polic\u00eda Local ha trasladado un mensaje de tranquilidad a la ciudadan\u00eda respecto al uso de estos dispositivos, aclarando que \u201cen ning\u00fan momento las c\u00e1maras se utilizan para sancionar directamente\u201d. En este sentido, ha apostillado que \u201csu finalidad es preventiva y operativa, no recaudatoria\u201d. Adem\u00e1s, ha subrayado que el uso de las im\u00e1genes se ajusta estrictamente a la normativa vigente en materia de protecci\u00f3n de datos, y que solo se ceden en el marco de investigaciones oficiales. \u201cEsto est\u00e1 permitiendo resolver de manera continua hechos delictivos que, de otro modo, ser\u00edan mucho m\u00e1s dif\u00edciles de esclarecer\u201d, a lo que ha a\u00f1adido que \u201clas c\u00e1maras se han convertido en una herramienta imprescindible para el trabajo policial diario\u201d.<\/p>\n","protected":false},"excerpt":{"rendered":"<p>Nota de prensa. &#8211; 14 bloques de c\u00e1maras que cubren zonas p\u00fablicas estrat\u00e9gicas y la totalidad de entradas y salidas de la ciudad Manuel Serena, concejal de Seguridad ciudadana -y&#8230;<\/p>\n","protected":false},"author":3,"featured_media":164366,"comment_status":"closed","ping_status":"closed","sticky":false,"template":"","format":"standard","meta":{"footnotes":""},"categories":[718],"tags":[],"class_list":["post-164365","post","type-post","status-publish","format-standard","has-post-thumbnail","hentry","category-blogger"],"_links":{"self":[{"href":"https:\/\/lavozdehellin.com\/noticias\/wp-json\/wp\/v2\/posts\/164365","targetHints":{"allow":["GET"]}}],"collection":[{"href":"https:\/\/lavozdehellin.com\/noticias\/wp-json\/wp\/v2\/posts"}],"about":[{"href":"https:\/\/lavozdehellin.com\/noticias\/wp-json\/wp\/v2\/types\/post"}],"author":[{"embeddable":true,"href":"https:\/\/lavozdehellin.com\/noticias\/wp-json\/wp\/v2\/users\/3"}],"replies":[{"embeddable":true,"href":"https:\/\/lavozdehellin.com\/noticias\/wp-json\/wp\/v2\/comments?post=164365"}],"version-history":[{"count":0,"href":"https:\/\/lavozdehellin.com\/noticias\/wp-json\/wp\/v2\/posts\/164365\/revisions"}],"wp:featuredmedia":[{"embeddable":true,"href":"https:\/\/lavozdehellin.com\/noticias\/wp-json\/wp\/v2\/media\/164366"}],"wp:attachment":[{"href":"https:\/\/lavozdehellin.com\/noticias\/wp-json\/wp\/v2\/media?parent=164365"}],"wp:term":[{"taxonomy":"category","embeddable":true,"href":"https:\/\/lavozdehellin.com\/noticias\/wp-json\/wp\/v2\/categories?post=164365"},{"taxonomy":"post_tag","embeddable":true,"href":"https:\/\/lavozdehellin.com\/noticias\/wp-json\/wp\/v2\/tags?post=164365"}],"curies":[{"name":"wp","href":"https:\/\/api.w.org\/{rel}","templated":true}]}}