{"id":164368,"date":"2026-04-30T09:22:04","date_gmt":"2026-04-30T07:22:04","guid":{"rendered":"https:\/\/lavozdehellin.com\/noticias\/?p=164368"},"modified":"2026-05-02T11:51:21","modified_gmt":"2026-05-02T09:51:21","slug":"v11-184-lvh-noticias-mas-de-1-200-estudiantes-de-la-provincia-celebran-el-dia-internacional-de-la-danza-de-la-mano-de-las-campanas-escolares-de-la-diputacion-de-albacete","status":"publish","type":"post","link":"https:\/\/lavozdehellin.com\/noticias\/v11-184-lvh-noticias-mas-de-1-200-estudiantes-de-la-provincia-celebran-el-dia-internacional-de-la-danza-de-la-mano-de-las-campanas-escolares-de-la-diputacion-de-albacete\/","title":{"rendered":"LVH NOTICIAS | M\u00c1S DE 1.200 ESTUDIANTES DE LA PROVINCIA CELEBRAN EL D\u00cdA INTERNACIONAL DE LA DANZA DE LA MANO DE LAS CAMPA\u00d1AS ESCOLARES DE LA DIPUTACI\u00d3N DE ALBACETE"},"content":{"rendered":"<p style=\"text-align: justify;\">En el marco del D\u00eda Internacional de la Danza, la Diputaci\u00f3n de Albacete ha impulsado una nueva edici\u00f3n de su programa \u2018D\u00edas de Danza\u2019, favoreciendo que m\u00e1s de 1.200 estudiantes de 3\u00ba a 6\u00ba de Primaria y del primer ciclo de la ESO disfruten, en diferentes sesiones, de una enriquecedora experiencia en el Teatro de la Paz durante las jornadas de ayer y de hoy.<\/p>\n<p style=\"text-align: justify;\">Procedente de 15 centros educativos de 10 localidades diferentes: Albacete, Almansa, Hell\u00edn, Tobarra, Tarazona de la Mancha, Isso, Casas Ib\u00e1\u00f1ez, La Roda, Chinchilla, Madrigueras, el alumnado participante se ha sumergido en una original obra, \u2018La Liebre, la Tortuga &amp; la Influencer\u2019 a cargo de la compa\u00f1\u00eda Larumbe Danza.<\/p>\n<p style=\"text-align: justify;\">Esta iniciativa forma parte de las campa\u00f1as escolares que cada anualidad organiza el Gobierno de Santi Caba\u00f1ero a trav\u00e9s del Servicio Provincial de Educaci\u00f3n y Cultura, acercando a escolares de toda la geograf\u00eda albacetense al apasionante mundo de las artes esc\u00e9nicas y fomentando su sensibilidad cultural, su creatividad y su capacidad para comprender y valorar estos lenguajes expresivos.<\/p>\n<p style=\"text-align: justify;\">Un programa de \u00e9xito<\/p>\n<p style=\"text-align: justify;\">Adem\u00e1s, las actividades se trabajan previamente en los colegios e institutos a trav\u00e9s de un dossier pedag\u00f3gico, con el que se persigue enriquecer la experiencia mediante recursos que les ayudan a comprender mejor aquello que posteriormente van a ver sobre el escenario. Todo ello contribuye a ampliar la imaginaci\u00f3n de los m\u00e1s peque\u00f1os y peque\u00f1as y les ofrece una nueva forma de descubrir y entender el mundo a trav\u00e9s del teatro, la danza o la m\u00fasica.<\/p>\n<p style=\"text-align: justify;\">De hecho, se trata de un programa marcado por el \u00e9xito en cada una de sus propuestas, como demuestran las cifras. As\u00ed, a estos 1.200 estudiantes se suman los m\u00e1s de 2.400 que a comienzos de marzo participaron en la campa\u00f1a \u2018Vamos al Teatro\u2019, y se ir\u00e1 complementando a lo largo del a\u00f1o con nuevas campa\u00f1as que seguir\u00e1n atrayendo a chicos y chicas del conjunto de la provincia hasta el Teatro de la Paz.<\/p>\n<p style=\"text-align: justify;\">Apuesta por la formaci\u00f3n art\u00edstica<\/p>\n<p style=\"text-align: justify;\">Desde la Diputaci\u00f3n de Albacete existe un firme compromiso con el desarrollo integral del alumnado, en el que la formaci\u00f3n art\u00edstica juega un papel fundamental, como siempre se\u00f1ala el presidente de la instituci\u00f3n, Santi Caba\u00f1ero.<\/p>\n<p style=\"text-align: justify;\">Por ello, desde el \u00e1rea de Educaci\u00f3n y Cultura se viene realizando un importante esfuerzo para avanzar en esta direcci\u00f3n m\u00e1s all\u00e1 de las aulas, impulsando el acceso a la cultura y a las artes, entendidas como herramientas clave para fomentar el pensamiento cr\u00edtico y para visibilizar y comprender la diversidad.<\/p>\n<p style=\"text-align: justify;\">Una apuesta que tambi\u00e9n responde al objetivo de garantizar la igualdad de oportunidades en el acceso a la cultura en toda la provincia, acercando propuestas de calidad a estudiantes de distintos municipios y contribuyendo a despertar vocaciones, ampliar horizontes y formar ciudadanos y ciudadanas m\u00e1s participativos, creativos y comprometidos con su entorno.<\/p>\n<p style=\"text-align: justify;\">Una f\u00e1bula de Esopo danza sobre el escenario con influencer incorporada<\/p>\n<p style=\"text-align: justify;\">En esta ocasi\u00f3n, el espect\u00e1culo en torno al que ha girado esta campa\u00f1a ha sido \u2018La Liebre, La Tortuga &amp; la Influencer\u2019, inspirado en la f\u00e1bula universal de Esopo. La propuesta combina danza, narraci\u00f3n, di\u00e1logos, poes\u00eda y m\u00fasica para ofrecer al joven p\u00fablico una versi\u00f3n trepidante, que sit\u00faa a los dos m\u00edticos animales en una carrera online, en directo, arbitrada por un influencer que persigue un \u00e9xito masivo a toda costa.<\/p>\n<p style=\"text-align: justify;\">La producci\u00f3n, que cuenta con la colaboraci\u00f3n del actor, director teatral y dramaturgo Dani Llull, es una completa fusi\u00f3n y sincronizaci\u00f3n entre danza y dramaturgia. Lo que hace de ella una obra muy original y cercana a todas las edades y sensibilidades.<\/p>\n<p style=\"text-align: justify;\">A diferencia del texto original, en esta adaptaci\u00f3n, el mensaje final se centra en la exposici\u00f3n de los ni\u00f1os y adolescentes a las redes sociales y la historia danzada funciona como una met\u00e1fora sobre los valores reales y los virtuales.<\/p>\n<p style=\"text-align: justify;\">Un proyecto con sello de calidad<\/p>\n<p style=\"text-align: justify;\">Por su parte, la elecci\u00f3n de Larumbe Danza responde al criterio de calidad, did\u00e1ctica y sensibilidad que est\u00e1 en la base de los proyectos que impulsa la Diputaci\u00f3n. Se trata de una de las compa\u00f1\u00edas de danza contempor\u00e1nea m\u00e1s prol\u00edficas en Espa\u00f1a. Con m\u00e1s de 50 a\u00f1os de historia, su producci\u00f3n es muy dilatada y est\u00e1 dirigida a p\u00fablicos muy diversos, incluyendo colaboraciones y coproducciones con compa\u00f1\u00edas y artistas de todo el mundo, recorriendo todos los festivales nacionales y algunos a nivel internacional.<\/p>\n<p style=\"text-align: justify;\">Desde una clara apuesta por la fusi\u00f3n entre lo tradicional y lo innovador, profundiza en la investigaci\u00f3n en torno a las nuevas tecnolog\u00edas, y ha sido pionera en la aplicaci\u00f3n del 3D en los espect\u00e1culos en vivo en Espa\u00f1a, siendo premiados al Mejor Espect\u00e1culo de Danza en FETEN 2015.<\/p>\n","protected":false},"excerpt":{"rendered":"<p>En el marco del D\u00eda Internacional de la Danza, la Diputaci\u00f3n de Albacete ha impulsado una nueva edici\u00f3n de su programa \u2018D\u00edas de Danza\u2019, favoreciendo que m\u00e1s de 1.200 estudiantes&#8230;<\/p>\n","protected":false},"author":3,"featured_media":164371,"comment_status":"closed","ping_status":"closed","sticky":false,"template":"","format":"standard","meta":{"footnotes":""},"categories":[718],"tags":[],"class_list":["post-164368","post","type-post","status-publish","format-standard","has-post-thumbnail","hentry","category-blogger"],"_links":{"self":[{"href":"https:\/\/lavozdehellin.com\/noticias\/wp-json\/wp\/v2\/posts\/164368","targetHints":{"allow":["GET"]}}],"collection":[{"href":"https:\/\/lavozdehellin.com\/noticias\/wp-json\/wp\/v2\/posts"}],"about":[{"href":"https:\/\/lavozdehellin.com\/noticias\/wp-json\/wp\/v2\/types\/post"}],"author":[{"embeddable":true,"href":"https:\/\/lavozdehellin.com\/noticias\/wp-json\/wp\/v2\/users\/3"}],"replies":[{"embeddable":true,"href":"https:\/\/lavozdehellin.com\/noticias\/wp-json\/wp\/v2\/comments?post=164368"}],"version-history":[{"count":0,"href":"https:\/\/lavozdehellin.com\/noticias\/wp-json\/wp\/v2\/posts\/164368\/revisions"}],"wp:featuredmedia":[{"embeddable":true,"href":"https:\/\/lavozdehellin.com\/noticias\/wp-json\/wp\/v2\/media\/164371"}],"wp:attachment":[{"href":"https:\/\/lavozdehellin.com\/noticias\/wp-json\/wp\/v2\/media?parent=164368"}],"wp:term":[{"taxonomy":"category","embeddable":true,"href":"https:\/\/lavozdehellin.com\/noticias\/wp-json\/wp\/v2\/categories?post=164368"},{"taxonomy":"post_tag","embeddable":true,"href":"https:\/\/lavozdehellin.com\/noticias\/wp-json\/wp\/v2\/tags?post=164368"}],"curies":[{"name":"wp","href":"https:\/\/api.w.org\/{rel}","templated":true}]}}