{"id":164370,"date":"2026-04-29T10:18:09","date_gmt":"2026-04-29T08:18:09","guid":{"rendered":"https:\/\/lavozdehellin.com\/noticias\/?p=164370"},"modified":"2026-05-02T11:51:21","modified_gmt":"2026-05-02T09:51:21","slug":"v11-183-lvh-noticias-el-gobierno-de-castilla-la-mancha-activa-el-meteocam-en-fase-de-alerta-por-lluvias-y-tormentas-en-toda-la-region","status":"publish","type":"post","link":"https:\/\/lavozdehellin.com\/noticias\/v11-183-lvh-noticias-el-gobierno-de-castilla-la-mancha-activa-el-meteocam-en-fase-de-alerta-por-lluvias-y-tormentas-en-toda-la-region\/","title":{"rendered":"LVH NOTICIAS | EL GOBIERNO DE CASTILLA-LA MANCHA ACTIVA EL METEOCAM EN FASE DE ALERTA POR LLUVIAS Y TORMENTAS EN TODA LA REGI\u00d3N"},"content":{"rendered":"<p style=\"text-align: justify;\">La activaci\u00f3n del Plan Espec\u00edfico ante el Riesgo por Fen\u00f3menos Meteorol\u00f3gicos Adversos se produce ante los avisos de nivel naranja y amarillo por fuertes lluvias y tormentas, elaborados por la Agencia Estatal de Meteorolog\u00eda (AEMET), en gran parte de la Comunidad Aut\u00f3noma.<\/p>\n<p style=\"text-align: justify;\">El Gobierno de Castilla-La Mancha, a trav\u00e9s de la Consejer\u00eda de Hacienda, Administraciones P\u00fablicas y Transformaci\u00f3n Digital, activa a las 11:00 horas de hoy mi\u00e9rcoles, en Fase de Alerta -Situaci\u00f3n Operativa 0-, el Plan Espec\u00edfico ante el Riesgo por Fen\u00f3menos Meteorol\u00f3gicos Adversos (METEOCAM) en Castilla-La Mancha.<\/p>\n<p style=\"text-align: justify;\">La direcci\u00f3n del METEOCAM ha decretado la activaci\u00f3n de este Plan tras la recepci\u00f3n de avisos de nivel naranja por lluvias, con precipitaci\u00f3n de hasta 30 mm acumulada en una hora, y tambi\u00e9n por tormentas, con probabilidad de granizo y rachas muy fuertes de viento, que ha elaborado la Agencia Estatal de Meteorolog\u00eda (AEMET) para el d\u00eda de hoy, en la comarca de La Alcarria, en la provincia de Guadalajara, con inicio a las 12:00 horas y fin a las 22:00 horas.<\/p>\n<p style=\"text-align: justify;\">Adem\u00e1s, la AEMET ha publicado tambi\u00e9n avisos de nivel amarillo por tormentas, con rachas fuertes de viento y, ocasionalmente, de granizo, as\u00ed como por lluvias intensas, con precipitaci\u00f3n acumulada en una hora de 15 mm en las siguientes zonas: Serran\u00eda de Guadalajara; las comarcas conquenses de La Alcarria y La Mancha; las albacete\u00f1as de La Mancha y Alcaraz y Segura; y las toledanas de Sierra de San Vicente, Valle del Tajo y Montes de Toledo, con inicio a las 12:00 horas y fin a las 22:00 horas.<\/p>\n<p style=\"text-align: justify;\">Ante la activaci\u00f3n del METEOCAM en fase de alerta, desde el Servicio de Atenci\u00f3n y Coordinaci\u00f3n de Urgencias y Emergencias 1-1-2 se ha procedido a informar a los ayuntamientos y grupos de intervenci\u00f3n concernidos, para que puedan establecer las medidas de prevenci\u00f3n, seguimiento y respuesta que estimen oportunas ante esta situaci\u00f3n.<\/p>\n<p style=\"text-align: justify;\">Tanto la evoluci\u00f3n de las predicciones de riesgo de la AEMET, como las incidencias que se vayan produciendo y sus posibles consecuencias ser\u00e1n valoradas por la direcci\u00f3n del Plan, para ir adaptando el nivel de respuesta.<\/p>\n<p style=\"text-align: justify;\">La activaci\u00f3n del METEOCAM en fase de alerta se enmarca dentro de la acci\u00f3n integral del Gobierno regional para, de forma coordinada y mediante la optimizaci\u00f3n de los recursos, ofrecer una respuesta planificada ante cualquier situaci\u00f3n de emergencia. De hecho, desde el Servicio de Emergencias 1-1-2 se iniciar\u00e1 un seguimiento de las incidencias que se puedan producir debido a estas lluvias.<\/p>\n<p style=\"text-align: justify;\">Consejos ante fuertes lluvias y tormentas<\/p>\n<p style=\"text-align: justify;\">Ante esta situaci\u00f3n, si le sorprende una lluvia muy intensa en la carretera reduzca la velocidad, adapt\u00e1ndose a la visibilidad existente; evite pasar por tramos inundados, cauces o ramblas y, si va a pie en el campo, busque lugares elevados ante la posibilidad de una inundaci\u00f3n.<\/p>\n<p style=\"text-align: justify;\">Con respecto a las lluvias copiosas, retire de su vivienda los elementos exteriores que puedan ser arrastrados por el agua. Si se inunda parte de su casa, abandone s\u00f3tanos y plantas bajas y desconecte la energ\u00eda el\u00e9ctrica.<\/p>\n<p style=\"text-align: justify;\">En el exterior, durante una fuerte lluvia o tormenta evite estacionar su veh\u00edculo o vadear con \u00e9l arroyos o cauces, para evitar ser arrastrado por una s\u00fabita crecida de agua. En este sentido, al\u00e9jese de vaguadas, r\u00edos o torrentes para evitar ser sorprendidos por una riada.<\/p>\n<p style=\"text-align: justify;\">Finalmente, se debe evitar los desplazamientos por carretera y, si es necesario hacerlos, informarse de las condiciones meteorol\u00f3gicas de la zona a la que se dirige y extremar las precauciones por la posible presencia de obst\u00e1culos en la v\u00eda.<\/p>\n<p style=\"text-align: justify;\">Por \u00faltimo, se recuerda que en caso de emergencia debe llamar al tel\u00e9fono 1-1-2, a la vez que se invita a todos los ciudadanos a hacer un uso racional del mismo.<\/p>\n","protected":false},"excerpt":{"rendered":"<p>La activaci\u00f3n del Plan Espec\u00edfico ante el Riesgo por Fen\u00f3menos Meteorol\u00f3gicos Adversos se produce ante los avisos de nivel naranja y amarillo por fuertes lluvias y tormentas, elaborados por la&#8230;<\/p>\n","protected":false},"author":3,"featured_media":164374,"comment_status":"closed","ping_status":"closed","sticky":false,"template":"","format":"standard","meta":{"footnotes":""},"categories":[718],"tags":[],"class_list":["post-164370","post","type-post","status-publish","format-standard","has-post-thumbnail","hentry","category-blogger"],"_links":{"self":[{"href":"https:\/\/lavozdehellin.com\/noticias\/wp-json\/wp\/v2\/posts\/164370","targetHints":{"allow":["GET"]}}],"collection":[{"href":"https:\/\/lavozdehellin.com\/noticias\/wp-json\/wp\/v2\/posts"}],"about":[{"href":"https:\/\/lavozdehellin.com\/noticias\/wp-json\/wp\/v2\/types\/post"}],"author":[{"embeddable":true,"href":"https:\/\/lavozdehellin.com\/noticias\/wp-json\/wp\/v2\/users\/3"}],"replies":[{"embeddable":true,"href":"https:\/\/lavozdehellin.com\/noticias\/wp-json\/wp\/v2\/comments?post=164370"}],"version-history":[{"count":0,"href":"https:\/\/lavozdehellin.com\/noticias\/wp-json\/wp\/v2\/posts\/164370\/revisions"}],"wp:featuredmedia":[{"embeddable":true,"href":"https:\/\/lavozdehellin.com\/noticias\/wp-json\/wp\/v2\/media\/164374"}],"wp:attachment":[{"href":"https:\/\/lavozdehellin.com\/noticias\/wp-json\/wp\/v2\/media?parent=164370"}],"wp:term":[{"taxonomy":"category","embeddable":true,"href":"https:\/\/lavozdehellin.com\/noticias\/wp-json\/wp\/v2\/categories?post=164370"},{"taxonomy":"post_tag","embeddable":true,"href":"https:\/\/lavozdehellin.com\/noticias\/wp-json\/wp\/v2\/tags?post=164370"}],"curies":[{"name":"wp","href":"https:\/\/api.w.org\/{rel}","templated":true}]}}