{"id":164379,"date":"2026-04-28T10:01:25","date_gmt":"2026-04-28T08:01:25","guid":{"rendered":"https:\/\/lavozdehellin.com\/noticias\/?p=164379"},"modified":"2026-05-02T11:51:21","modified_gmt":"2026-05-02T09:51:21","slug":"v11-181-lvh-noticias-el-deporte-escolar-pasa-por-ossa-de-montiel-almansa-y-aguas-nuevas","status":"publish","type":"post","link":"https:\/\/lavozdehellin.com\/noticias\/v11-181-lvh-noticias-el-deporte-escolar-pasa-por-ossa-de-montiel-almansa-y-aguas-nuevas\/","title":{"rendered":"LVH NOTICIAS | EL DEPORTE ESCOLAR PASA POR OSSA DE MONTIEL, ALMANSA Y AGUAS NUEVAS"},"content":{"rendered":"<p style=\"text-align: justify;\">A lo largo del fin de semana se celebraron competiciones en las modalidades deportivas de ciclismo, duatl\u00f3n y b\u00e1dminton<\/p>\n<p style=\"text-align: justify;\">El pasado fin de semana se vivi\u00f3 una nueva jornada de competici\u00f3n dentro del Calendario de Deporte Escolar 2025\/2026 organizado por la Diputaci\u00f3n Provincial de Albacete, al amparo del convenio suscrito con la Direcci\u00f3n General de Deportes de la Junta de Comunidades de Castilla-La Mancha, con pruebas de ciclismo en Ossa de Montiel, duatl\u00f3n en Almansa y b\u00e1dminton en Aguas Nuevas.<\/p>\n<p style=\"text-align: justify;\">Ossa de Montiel acogi\u00f3 la primera jornada del Campeonato Provincial de Ciclismo Escolar, una competici\u00f3n organizada por la Federaci\u00f3n de Ciclismo de Castilla-La Mancha y que cuenta con el apoyo del Ayuntamiento de la localidad. M\u00e1s de un centenar de participantes se dieron cita en la primera de las nueve jornadas previstas en el calendario de esta temporada.<\/p>\n<p style=\"text-align: justify;\">En Almansa, m\u00e1s de 80 escolares participaron en el Duatl\u00f3n Escolar de Almansa, organizado gracias a la colaboraci\u00f3n de la Federaci\u00f3n de Triatl\u00f3n de Castilla-La Mancha y al apoyo del Ayuntamiento almanse\u00f1o. A lo largo de la jornada se celebraron pruebas para las categor\u00edas de iniciaci\u00f3n, alev\u00edn, infantil, cadete y juvenil, con diferentes distancias seg\u00fan dichas categor\u00edas, enmarcado dentro del IV Triatl\u00f3n de Almansa.<\/p>\n<p style=\"text-align: justify;\">Por su parte, m\u00e1s de 150 jugadores participaron en Aguas Nuevas en la cuarta y \u00faltima jornada del Campeonato Provincial de B\u00e1dminton en Edad Escolar, organizado por la Federaci\u00f3n de B\u00e1dminton de Castilla-La Mancha, con el apoyo de los ayuntamientos implicados. En Sub 11 Masculino los cuatro primeros fueron Asier Rodr\u00edguez (B\u00e1dminton Albacete), Daniel G\u00f3mez P\u00e9rez (B\u00e1dminton Albacete), C\u00e9sar Ruiz And\u00fajar (Hell\u00edn) y Guillermo Ju\u00e1rez Garc\u00eda (Hell\u00edn). En Sub 11 Femenino las cuatro primeras fueron Gema Navarro (Albarena), Marta Brice\u00f1o Garc\u00eda (Albarena) Noem\u00ed Escot Garc\u00eda (Aguas Nuevas) y Cayetana Horcajada S\u00e1nchez (Albarena).<\/p>\n<p style=\"text-align: justify;\">En Sub 13 Masculino vencieron Pedro Mart\u00ednez Arnedo (Alpera), Amaro Cantero Beteta (Socovos), David Mart\u00ednez S\u00e1nchez (Socovos) y Mart\u00edn Gir\u00f3n Herranz (Albarena), con Noa Navarro L\u00f3pez (Socovos), Marta Garc\u00eda Mariscal (Ontur), Elena Carrasco Ruiz (Albarena) y Ana Mar\u00eda Ju\u00e1rez Mart\u00ednez (Socovos) en categor\u00eda femenina.<\/p>\n<p style=\"text-align: justify;\">En Sub 15 Masculino el campe\u00f3n fue Alejandro Rodr\u00edguez Molina (B\u00e1dminton Albacete), por delante de Ismael \u00c1lvarez L\u00f3pez (Lezuza), Diego Alejandro Vizca\u00edno Acosta (Ontur) y Johan Adalid Ant\u00fanez Maldonado (Ontur), con Noemy Garc\u00eda Mart\u00ednez (B\u00e1dminton Albacete), Mariela Mart\u00ednez Hern\u00e1ndez (Ontur), Mar\u00eda Pa\u00f1os Hurtado (B\u00e1dminton Albacete) e Isabella Cuevas Tortosa (Albarena) en f\u00e9minas.<\/p>\n<p style=\"text-align: justify;\">En Sub 17 Masculino el p\u00f3dium fue para Francisco Correoso Garc\u00eda (Higueruela), David S\u00e1nchez Fuentes (Lezuza), Andy Jin Liao (Hell\u00edn) y Ram\u00f3n Cantos Jim\u00e9nez (Higueruela). Sara Mora Mart\u00ednez (Hell\u00edn), Marina Simarro Rubio (B\u00e1dminton Albacete), Llanos Picazo Ruano (B\u00e1dminton Albacete) y Gema L\u00f3pez Montoya (B\u00e1dminton Albacete) fueron las cuatro primeras chicas.<\/p>\n<p style=\"text-align: justify;\">Pr\u00f3xima jornada de Deporte Escolar<\/p>\n<p style=\"text-align: justify;\">El Calendario de Deporte Escolar continuar\u00e1 el pr\u00f3ximo fin de semana con otras dos modalidades deportivas. El viernes 1 de mayo ser\u00e1 el turno para el acuatl\u00f3n, que se celebrar\u00e1 en Albacete. Un d\u00eda despu\u00e9s, tambi\u00e9n en Albacete, se disputar\u00e1 una prueba de nataci\u00f3n, competici\u00f3n que en un principio estaba prevista para el 11 de abril y que se aplaz\u00f3 en su momento.<\/p>\n","protected":false},"excerpt":{"rendered":"<p>A lo largo del fin de semana se celebraron competiciones en las modalidades deportivas de ciclismo, duatl\u00f3n y b\u00e1dminton El pasado fin de semana se vivi\u00f3 una nueva jornada de&#8230;<\/p>\n","protected":false},"author":3,"featured_media":164380,"comment_status":"closed","ping_status":"closed","sticky":false,"template":"","format":"standard","meta":{"footnotes":""},"categories":[718],"tags":[],"class_list":["post-164379","post","type-post","status-publish","format-standard","has-post-thumbnail","hentry","category-blogger"],"_links":{"self":[{"href":"https:\/\/lavozdehellin.com\/noticias\/wp-json\/wp\/v2\/posts\/164379","targetHints":{"allow":["GET"]}}],"collection":[{"href":"https:\/\/lavozdehellin.com\/noticias\/wp-json\/wp\/v2\/posts"}],"about":[{"href":"https:\/\/lavozdehellin.com\/noticias\/wp-json\/wp\/v2\/types\/post"}],"author":[{"embeddable":true,"href":"https:\/\/lavozdehellin.com\/noticias\/wp-json\/wp\/v2\/users\/3"}],"replies":[{"embeddable":true,"href":"https:\/\/lavozdehellin.com\/noticias\/wp-json\/wp\/v2\/comments?post=164379"}],"version-history":[{"count":0,"href":"https:\/\/lavozdehellin.com\/noticias\/wp-json\/wp\/v2\/posts\/164379\/revisions"}],"wp:featuredmedia":[{"embeddable":true,"href":"https:\/\/lavozdehellin.com\/noticias\/wp-json\/wp\/v2\/media\/164380"}],"wp:attachment":[{"href":"https:\/\/lavozdehellin.com\/noticias\/wp-json\/wp\/v2\/media?parent=164379"}],"wp:term":[{"taxonomy":"category","embeddable":true,"href":"https:\/\/lavozdehellin.com\/noticias\/wp-json\/wp\/v2\/categories?post=164379"},{"taxonomy":"post_tag","embeddable":true,"href":"https:\/\/lavozdehellin.com\/noticias\/wp-json\/wp\/v2\/tags?post=164379"}],"curies":[{"name":"wp","href":"https:\/\/api.w.org\/{rel}","templated":true}]}}