{"id":164383,"date":"2026-04-28T09:54:14","date_gmt":"2026-04-28T07:54:14","guid":{"rendered":"https:\/\/lavozdehellin.com\/noticias\/?p=164383"},"modified":"2026-05-02T11:51:21","modified_gmt":"2026-05-02T09:51:21","slug":"v11-180-lvh-noticias-la-guardia-civil-de-tobarra-y-ayna-detienen-a-dos-personas-por-un-delito-contra-la-salud-publica","status":"publish","type":"post","link":"https:\/\/lavozdehellin.com\/noticias\/v11-180-lvh-noticias-la-guardia-civil-de-tobarra-y-ayna-detienen-a-dos-personas-por-un-delito-contra-la-salud-publica\/","title":{"rendered":"LVH NOTICIAS | LA GUARDIA CIVIL DE TOBARRA Y A\u00ddNA DETIENEN A DOS PERSONAS POR UN DELITO CONTRA LA SALUD P\u00daBLICA"},"content":{"rendered":"<p style=\"text-align: justify;\">Nota de prensa. &#8211; La Guardia Civil localiz\u00f3 20 pastillas de 100 gramos de hach\u00eds cada una oculta en los asientos de un turismo<\/p>\n<p style=\"text-align: justify;\">Esta intervenci\u00f3n ha evitado que las 4.000 dosis de hach\u00eds incautadas fueran puestas a la venta en el mercado il\u00edcito<\/p>\n<p style=\"text-align: justify;\">Efectivos de los Puestos de la Guardia Civil de Tobarra y A\u00fdna han detenido a una persona de 47 a\u00f1os de edad, vecina de la localidad de almeriense de Roquetas de Mar, y a otra de 43 a\u00f1os, vecina de la albacete\u00f1a de Hell\u00edn, como presuntos autores de un delito contra la salud p\u00fablica, en la modalidad de tr\u00e1fico de drogas tras incautarles 2 kilogramos de hach\u00eds.<\/p>\n<p style=\"text-align: justify;\">Los dos detenidos contaban con antecedentes policiales anteriores por delito de tr\u00e1fico de drogas.<\/p>\n<p style=\"text-align: justify;\">El estupefaciente incautado habr\u00eda permitido obtener 4.000 dosis, cuya circulaci\u00f3n en el mercado ilegal ha sido impedida por la Guardia Civil, evitando as\u00ed que llegara a ser consumida por la poblaci\u00f3n.<\/p>\n<p style=\"text-align: justify;\">Actuaciones<\/p>\n<p style=\"text-align: justify;\">Dentro de los servicios preventivos que la Guardia Civil de Albacete tiene activados en toda su provincia, encaminados a la detecci\u00f3n y erradicaci\u00f3n de puntos de producci\u00f3n, distribuci\u00f3n y venta de sustancias estupefacientes, efectivos de la Benem\u00e9rita realizaron un dispositivo operativo en la Autov\u00eda A-30 (Albacete-Cartagena), dentro del t\u00e9rmino municipal de Hell\u00edn.<\/p>\n<p style=\"text-align: justify;\">Tras la parada de un veh\u00edculo, que result\u00f3 sospechoso a los agentes que participan en el operativo, se procedi\u00f3 a la identificaci\u00f3n de sus dos ocupantes, mostrando durante la intervenci\u00f3n evidentes se\u00f1ales de nerviosismo, lo que llev\u00f3 a los guardias civiles a inspeccionar tanto sus efectos personales como el interior del turismo, localizando en un compartimento oculto en los asientos 20 pastillas de una sustancia compacta marr\u00f3n, con un peso de 100 gramos cada una, que tras someterla a un narcotest result\u00f3 ser hach\u00eds<\/p>\n<p style=\"text-align: justify;\">4000 dosis de hach\u00eds fuera del mercado il\u00edcito<\/p>\n<p style=\"text-align: justify;\">Con esta aprehensi\u00f3n, la Guardia Civil ha impedido que la droga intervenida, con la que podr\u00edan haberse elaborado unas 4.000 dosis, formara parte de la cadena del tr\u00e1fico de drogas y fuera finalmente consumida por nuestros ciudadanos, con el consiguiente perjuicio para su salud.<\/p>\n<p style=\"text-align: justify;\">Plan \u201cTELOS\u201d contra el tr\u00e1fico de hach\u00eds<\/p>\n<p style=\"text-align: justify;\">La aprehensi\u00f3n de la droga se enmarca dentro del Plan \u201cTELOS\u201d, de \u00e1mbito nacional, un plan que da respuesta a la lucha contra el tr\u00e1fico de hach\u00eds procedente de Marruecos, origen en este caso de estupefaciente y cuyo destino final supuestamente era la costa levantina.<\/p>\n<p style=\"text-align: justify;\">Diligencias instruidas<\/p>\n<p style=\"text-align: justify;\">Las diligencias policiales instruidas por el delito de tr\u00e1fico de drogas, junto a las personas detenidas, han sido puestas a disposici\u00f3n de la Secci\u00f3n Civil y de Instrucci\u00f3n del Tribunal de Instancia Plaza n\u00fam. 3 de Hell\u00edn (Albacete).<\/p>\n<p style=\"text-align: justify;\">Delito contra la salud p\u00fablica<\/p>\n<p style=\"text-align: justify;\">El detenido podr\u00eda enfrentarse a unas penas de prisi\u00f3n de 3 a 6 a\u00f1os, seg\u00fan establece el art\u00edculo 368 del C\u00f3digo Penal, para los delitos contra la salud p\u00fablica, en la modalidad de tr\u00e1fico de drogas.<\/p>\n","protected":false},"excerpt":{"rendered":"<p>Nota de prensa. &#8211; La Guardia Civil localiz\u00f3 20 pastillas de 100 gramos de hach\u00eds cada una oculta en los asientos de un turismo Esta intervenci\u00f3n ha evitado que las&#8230;<\/p>\n","protected":false},"author":3,"featured_media":164384,"comment_status":"closed","ping_status":"closed","sticky":false,"template":"","format":"standard","meta":{"footnotes":""},"categories":[718],"tags":[],"class_list":["post-164383","post","type-post","status-publish","format-standard","has-post-thumbnail","hentry","category-blogger"],"_links":{"self":[{"href":"https:\/\/lavozdehellin.com\/noticias\/wp-json\/wp\/v2\/posts\/164383","targetHints":{"allow":["GET"]}}],"collection":[{"href":"https:\/\/lavozdehellin.com\/noticias\/wp-json\/wp\/v2\/posts"}],"about":[{"href":"https:\/\/lavozdehellin.com\/noticias\/wp-json\/wp\/v2\/types\/post"}],"author":[{"embeddable":true,"href":"https:\/\/lavozdehellin.com\/noticias\/wp-json\/wp\/v2\/users\/3"}],"replies":[{"embeddable":true,"href":"https:\/\/lavozdehellin.com\/noticias\/wp-json\/wp\/v2\/comments?post=164383"}],"version-history":[{"count":0,"href":"https:\/\/lavozdehellin.com\/noticias\/wp-json\/wp\/v2\/posts\/164383\/revisions"}],"wp:featuredmedia":[{"embeddable":true,"href":"https:\/\/lavozdehellin.com\/noticias\/wp-json\/wp\/v2\/media\/164384"}],"wp:attachment":[{"href":"https:\/\/lavozdehellin.com\/noticias\/wp-json\/wp\/v2\/media?parent=164383"}],"wp:term":[{"taxonomy":"category","embeddable":true,"href":"https:\/\/lavozdehellin.com\/noticias\/wp-json\/wp\/v2\/categories?post=164383"},{"taxonomy":"post_tag","embeddable":true,"href":"https:\/\/lavozdehellin.com\/noticias\/wp-json\/wp\/v2\/tags?post=164383"}],"curies":[{"name":"wp","href":"https:\/\/api.w.org\/{rel}","templated":true}]}}