{"id":164386,"date":"2026-04-27T19:11:13","date_gmt":"2026-04-27T17:11:13","guid":{"rendered":"https:\/\/lavozdehellin.com\/noticias\/?p=164386"},"modified":"2026-05-02T11:51:21","modified_gmt":"2026-05-02T09:51:21","slug":"v11-179-lvh-noticias-el-ayuntamiento-de-hellin-aprueba-una-modificacion-de-creditos-para-reforzar-la-seguridad-recuperar-espacios-naturales-y-avanzar-en-el-desarrollo-turistico-sostenible","status":"publish","type":"post","link":"https:\/\/lavozdehellin.com\/noticias\/v11-179-lvh-noticias-el-ayuntamiento-de-hellin-aprueba-una-modificacion-de-creditos-para-reforzar-la-seguridad-recuperar-espacios-naturales-y-avanzar-en-el-desarrollo-turistico-sostenible\/","title":{"rendered":"LVH NOTICIAS | EL AYUNTAMIENTO DE HELL\u00cdN APRUEBA UNA MODIFICACI\u00d3N DE CR\u00c9DITOS PARA REFORZAR LA SEGURIDAD, RECUPERAR ESPACIOS NATURALES Y AVANZAR EN EL DESARROLLO TUR\u00cdSTICO SOSTENIBLE"},"content":{"rendered":"<p style=\"text-align: justify;\">El Pleno del Ayuntamiento de Hell\u00edn ha aprobado hoy una modificaci\u00f3n de cr\u00e9ditos que permitir\u00e1 dar respuesta a necesidades urgentes del municipio y avanzar en proyectos estrat\u00e9gicos para su desarrollo econ\u00f3mico, ambiental y tur\u00edstico.<\/p>\n<p style=\"text-align: justify;\">Entre las actuaciones m\u00e1s relevantes destaca la inversi\u00f3n de 680.000 euros destinada a la recuperaci\u00f3n y mejora de las pasarelas del Ca\u00f1\u00f3n de los Almadenes, una intervenci\u00f3n clave dentro del Plan de Sostenibilidad. Este proyecto no solo permitir\u00e1 poner en valor uno de los enclaves naturales m\u00e1s importantes de nuestro entorno, sino que tambi\u00e9n contribuir\u00e1 de manera decisiva a la reactivaci\u00f3n de la actividad tur\u00edstica en el municipio.<\/p>\n<p style=\"text-align: justify;\">La actuaci\u00f3n contempla la rehabilitaci\u00f3n de una infraestructura hist\u00f3rica con un enfoque moderno y seguro, adaptado a las necesidades actuales. Se trata de una intervenci\u00f3n imprescindible, dado el estado de deterioro de las pasarelas, que actualmente supone un riesgo potencial para los visitantes. Con esta inversi\u00f3n se garantizar\u00e1 un recorrido accesible, seguro y controlado, favoreciendo las visitas guiadas y una gesti\u00f3n sostenible del espacio.<\/p>\n<p style=\"text-align: justify;\">Adem\u00e1s, el proyecto incluye la recuperaci\u00f3n del entorno natural degradado en la zona final del ca\u00f1\u00f3n, as\u00ed como la regulaci\u00f3n de accesos, lo que permitir\u00e1 compatibilizar la conservaci\u00f3n del medio ambiente con su uso tur\u00edstico responsable.<\/p>\n<p style=\"text-align: justify;\">Por otro lado, esta modificaci\u00f3n de cr\u00e9ditos tambi\u00e9n da cobertura a actuaciones urgentes derivadas de los da\u00f1os ocasionados por el episodio meteorol\u00f3gico del pasado 14 de febrero, que han requerido trabajos de emergencia en el parque municipal. Las fuertes rachas de viento, que superaron los 100 km\/h, provocaron la ca\u00edda de m\u00e1s de una treintena de pinos, generando una situaci\u00f3n de riesgo que oblig\u00f3 a intervenir de manera inmediata para garantizar la seguridad ciudadana. Los trabajos han incluido la retirada de \u00e1rboles ca\u00eddos y la tala preventiva de ejemplares da\u00f1ados con riesgo de desplome.<\/p>\n<p style=\"text-align: justify;\">El concejal de Econom\u00eda, Pedro Garc\u00eda, ha subrayado la importancia de esta modificaci\u00f3n presupuestaria: \u201cCon esta actuaci\u00f3n damos un paso firme hacia un modelo de desarrollo que protege nuestro patrimonio natural, mejora la seguridad y genera nuevas oportunidades para Hell\u00edn. Apostamos por una inversi\u00f3n responsable que combina la atenci\u00f3n a lo urgente con una visi\u00f3n estrat\u00e9gica de futuro\u201d. Desde la Concejal\u00eda de Econom\u00eda se destaca que esta modificaci\u00f3n responde a una planificaci\u00f3n eficaz de los recursos p\u00fablicos, priorizando tanto la seguridad de los vecinos como la inversi\u00f3n en proyectos que impulsan el desarrollo econ\u00f3mico local.<\/p>\n","protected":false},"excerpt":{"rendered":"<p>El Pleno del Ayuntamiento de Hell\u00edn ha aprobado hoy una modificaci\u00f3n de cr\u00e9ditos que permitir\u00e1 dar respuesta a necesidades urgentes del municipio y avanzar en proyectos estrat\u00e9gicos para su desarrollo&#8230;<\/p>\n","protected":false},"author":3,"featured_media":164387,"comment_status":"closed","ping_status":"closed","sticky":false,"template":"","format":"standard","meta":{"footnotes":""},"categories":[718],"tags":[],"class_list":["post-164386","post","type-post","status-publish","format-standard","has-post-thumbnail","hentry","category-blogger"],"_links":{"self":[{"href":"https:\/\/lavozdehellin.com\/noticias\/wp-json\/wp\/v2\/posts\/164386","targetHints":{"allow":["GET"]}}],"collection":[{"href":"https:\/\/lavozdehellin.com\/noticias\/wp-json\/wp\/v2\/posts"}],"about":[{"href":"https:\/\/lavozdehellin.com\/noticias\/wp-json\/wp\/v2\/types\/post"}],"author":[{"embeddable":true,"href":"https:\/\/lavozdehellin.com\/noticias\/wp-json\/wp\/v2\/users\/3"}],"replies":[{"embeddable":true,"href":"https:\/\/lavozdehellin.com\/noticias\/wp-json\/wp\/v2\/comments?post=164386"}],"version-history":[{"count":0,"href":"https:\/\/lavozdehellin.com\/noticias\/wp-json\/wp\/v2\/posts\/164386\/revisions"}],"wp:featuredmedia":[{"embeddable":true,"href":"https:\/\/lavozdehellin.com\/noticias\/wp-json\/wp\/v2\/media\/164387"}],"wp:attachment":[{"href":"https:\/\/lavozdehellin.com\/noticias\/wp-json\/wp\/v2\/media?parent=164386"}],"wp:term":[{"taxonomy":"category","embeddable":true,"href":"https:\/\/lavozdehellin.com\/noticias\/wp-json\/wp\/v2\/categories?post=164386"},{"taxonomy":"post_tag","embeddable":true,"href":"https:\/\/lavozdehellin.com\/noticias\/wp-json\/wp\/v2\/tags?post=164386"}],"curies":[{"name":"wp","href":"https:\/\/api.w.org\/{rel}","templated":true}]}}