{"id":25092,"date":"2024-04-25T09:21:27","date_gmt":"2024-04-25T07:21:27","guid":{"rendered":"https:\/\/tuesc.com\/arcano\/?p=25092"},"modified":"2026-02-22T03:19:57","modified_gmt":"2026-02-22T01:19:57","slug":"v08-543-el-reino-de-los-cielos-ii-el-conocimiento-de-la-gloria","status":"publish","type":"post","link":"https:\/\/lavozdehellin.com\/noticias\/v08-543-el-reino-de-los-cielos-ii-el-conocimiento-de-la-gloria\/","title":{"rendered":"LVH NOTICIAS | EL REINO DE LOS CIELOS II-EL CONOCIMIENTO DE LA GLORIA"},"content":{"rendered":"<p style=\"text-align: justify;\">La incertidumbre sobre el m\u00e1s all\u00e1, el reino de los cielos, ha acompa\u00f1ado al ser humano desde el comienzo de su evoluci\u00f3n.<\/p>\n<p><!--more--><br \/>\n<!--publicidad-voz01--><a href=\"https:\/\/www.facebook.com\/SoloRadioHellin\/?locale=es_ES\"><img decoding=\"async\" class=\"alignnone size-medium\" src=\"https:\/\/blogger.googleusercontent.com\/img\/b\/R29vZ2xl\/AVvXsEiNncirNnyGedv00mhjZjh5Wl4_YPdJGanoAl8tL8zH-HwqE8uHqjEfSt340RHdx-9tuCSIkZ8rFamZiGyYlgDGxCsmXjCH_1xk5eYM3ntFZRvJP_jndOKR7w1UAo9Tu0vrZyOLfqRpHIxYI5SymJJ-pfGCQw6QVpggBH-UgfjiFQ2JOxqxG0Jx94kW83c\/s1600\/logo-principal.jpg\" width=\"100%\" height=\"100\" \/><\/a><!--bestpublic-voz01--><!--desk-in-out-voz01--><br \/>\n<!--publicidad-voz02--><a href=\"https:\/\/www.hellincf.com\/\"><img decoding=\"async\" class=\"alignnone size-medium\" src=\"https:\/\/blogger.googleusercontent.com\/img\/b\/R29vZ2xl\/AVvXsEhuZ4-XfBVj3UtdP8-RZugy3WVrg-Zv28c53m4oV47qYCxL1rX_dqWX_YddsGSnpH5SRDqZ7bZeKPIfDVCDncpjVlhy3aQs2vojcJBn7Gdv9hC2_Nzct_pRFrnFE1a7KTCdY1bT_kAgnY3-iadRZrGeJf1fR2P5fu11bokx0pWjaypoy-ctwCjklldpEbA\/s1600\/logo-principal7.jpg\" width=\"100%\" height=\"100\" \/><\/a><!--bestpublic-voz02--><!--desk-in-out-voz02--><\/p>\n<p style=\"text-align: justify;\">Este libro, dividido en dos tomos, se convierte en una defensa a ultranza de la existencia de una dimensi\u00f3n de paz y armon\u00eda que ser\u00eda en realidad el verdadero hogar del esp\u00edritu de los seres humanos, donde se inicia el viaje del alma en el ciclo de las encarnaciones para experimentar la vida en el interior de un cuerpo f\u00edsico. Tras la muerte, el esp\u00edritu regresar\u00eda de nuevo para seguir aprendiendo y preparando su futura existencia. El autor manifiesta en esta obra la certeza que tiene de la existencia real de este reino de la luz, que es el origen de las m\u00e1s diversas religiones y creencias espirituales del planeta. Al texto se unen numerosas ilustraciones a todo color que reflejan la majestuosidad de lo que ser\u00eda esa dimensi\u00f3n espiritual, su arquitectura de pura luz, el vuelo de los \u00e1ngeles, el conocimiento sagrado y la esencia de la divinidad que sustenta el ciclo de la vida y la muerte en la Tierra.<\/p>\n<p style=\"text-align: justify;\">Jos\u00e9 Antonio Iniesta naci\u00f3 en Hell\u00edn (Albacete) el 12 de enero de 1961. Es autor de m\u00e1s de cien libros publicados (individualmente y en colaboraci\u00f3n con otros escritores), una m\u00ednima parte del conjunto de su obra, compuesta por m\u00e1s de trescientos, ya escritos o en proceso de elaboraci\u00f3n, y miles de textos de los m\u00e1s diversos g\u00e9neros. Como viajero incansable ha recorrido infinidad de pa\u00edses en busca de las culturas ancestrales, siendo iniciado en un buen n\u00famero de ellas, por lo que ha recibido todo tipo de ense\u00f1anzas que, junto con las experiencias de car\u00e1cter espiritual que ha tenido en los m\u00e1s remotos parajes, son una fuente de conocimiento que transmite en sus libros para intentar propiciar un cambio de conciencia entre sus lectores. Como investigador lleva m\u00e1s de cuatro d\u00e9cadas recuperando las tradiciones populares de Espa\u00f1a y otros pa\u00edses. Es el creador de Editorial Siete Luces y director de la web sieteluces.com, de los canales de YouTube Luz de Ilunum y Editorial Siete Luces, y de los podcasts de \u201cEl viaje interminable en busca del misterio\u201d.<\/p>\n<p style=\"text-align: justify;\">Amaz\u00f3n:<\/p>\n<p><a target=\"_blank\" rel=\"nofollow noopener noreferrer\" href=\"https:\/\/www.amazon.es\/reino-cielos-II-El-conocimiento-gloria\/dp\/B0D2PBWZ4P\/ref=sr_1_1?dib=eyJ2IjoiMSJ9.SRis-Sn-Z7Nj3wSE-Za0ySDD6d55lkO1f5TVOAYf0ftmb4KQdL85HJpdCfFylEHfw82KY5XU28OF85J5Uo1Imy56zfaEP9kXg2RFLdLRGHNZy7DJpvbS_c_1tFZmRYekvj6AAorLfMN7kKnLQ7mJzJIu55wOYL3obC4YfAZtKGmv30oU6XHzWZhbTZi8jUQOh4HA0tjLwEiAvksOlQfVO3k1WKLv6VUhB0b6_q-Kyfc.kacCqo7pmoVPX-3j7Ctof0owF_WIy1yV1KT-xYBT43U&#038;dib_tag=se&#038;qid=1714465421&#038;refinements=p_27%3AEditorial+Siete+Luces&#038;s=books&#038;sr=1-1\"><img decoding=\"async\" class=\"aligncenter\" src=\"https:\/\/blogger.googleusercontent.com\/img\/b\/R29vZ2xl\/AVvXsEgSGN9k_2m8Qasd1KG4-DwMX-UAZr6hWEvFC4c9WJHNd6uBjybYpOKMd2jWaLnYam3hG_T3hkv5xTdvRcJyN104nuvTb0Osoc5zwLOHVr89pFHC29sr8G9kGv5g2-o0yN8hN9eKfuwGDyVec9wheoRM22rbe0JI36iIkwU899ZRk-Uo9JTwCbunEhUjYf8\/s1600\/boton-comprar.jpg\" width=\"266\" height=\"104\" \/><\/a><\/p>\n<p style=\"text-align: justify;\">Mibestseller:<\/p>\n<p><a target=\"_blank\" rel=\"nofollow noopener noreferrer\" href=\"https:\/\/publish.mibestseller.es\/site\/?r=userwebsite\/index&#038;id=editorialsieteluces\/bookdetails\/373574\"><img decoding=\"async\" class=\"aligncenter\" src=\"https:\/\/blogger.googleusercontent.com\/img\/b\/R29vZ2xl\/AVvXsEgSGN9k_2m8Qasd1KG4-DwMX-UAZr6hWEvFC4c9WJHNd6uBjybYpOKMd2jWaLnYam3hG_T3hkv5xTdvRcJyN104nuvTb0Osoc5zwLOHVr89pFHC29sr8G9kGv5g2-o0yN8hN9eKfuwGDyVec9wheoRM22rbe0JI36iIkwU899ZRk-Uo9JTwCbunEhUjYf8\/s1600\/boton-comprar.jpg\" width=\"266\" height=\"104\"><\/a><\/p>\n<p><!--publicidad-voz03--><a href=\"https:\/\/www.facebook.com\/profile.php?id=100063593791305&amp;locale=es_ES\"><img decoding=\"async\" class=\"alignnone size-medium\" src=\"https:\/\/blogger.googleusercontent.com\/img\/b\/R29vZ2xl\/AVvXsEi8_n_ll8UOcGxCqzFvb_9Io4ICczlGC990BPtPj2w9Px-u7B3oqWUW5vtjZUqPNJ-nyjiUIorE0ATsib_l5tV8BVN-UJ03RTnU__IHJF_4DgDBtY4LIqXNG-FomrO-7ywes20CBCRM2Hcm7EJSh3UUw1dO-c_uTflUrtgY1i7uBRezj_DpympmEFkfbQY\/s1600\/logo-principal2.jpg\" width=\"100%\" height=\"100\" \/><\/a><!--bestpublic-voz03--><!--desk-in-out-voz03--><br \/>\n<!--publicidad-voz04--><a href=\"https:\/\/www.facebook.com\/profile.php?id=61557370768692&amp;locale=es_ES\"><img decoding=\"async\" class=\"alignnone size-medium\" src=\"https:\/\/blogger.googleusercontent.com\/img\/b\/R29vZ2xl\/AVvXsEgy5RdcfffrnrItnYTcV9bCJjgJwldsQLWssfVfrLbyfXeBNTFKgBf0rMIvhrUaGUhiXzVr9_eQgCbi-j63ZDpfTvLIty9w7s140y-m1yHe7eKmEK7v2NAHUJDVYGdfeiQFeRCqUjdwWmN1MX_AUxxz4IVdJ4WIM0APxit8bjWkXzrnEFGqBvW_1F13H1g\/s1600\/logo-principal5.jpg\" width=\"100%\" height=\"100\" \/><\/a><!--bestpublic-voz04--><!--desk-in-out-voz04--><br \/>\n<!--publicidad-voz05--><a href=\"https:\/\/www.facebook.com\/asociaciontamborileroshellin?locale=es_ES\"><img decoding=\"async\" class=\"alignnone size-medium\" src=\"https:\/\/blogger.googleusercontent.com\/img\/b\/R29vZ2xl\/AVvXsEhHEEpZsKK1VpwiYMrS7aE2ujtqIDZoLd4B5wtbiseSU9s2HdTdQfhF84So2XwEB1fv0BLw95GADm6hUl1bkKtzh-eIgVigXONuu_5RxeIMPhjk8q6uNX4EaEHbooKkbu7pCADWPpVJjhKIH5NQSJpWqedC-YBez4QAQeJYokkLot9bhrIaUAeztsGis6M\/s1600\/logo-principal3.jpg\" width=\"100%\" height=\"100\" \/><\/a><!--bestpublic-voz05--><!--desk-in-out-voz05--><br \/>\n<!--publicidad-voz06--><!--bestpublic-voz06--><!--desk-in-out-voz06--><br \/>\n<!--publicidad-voz07--><!--bestpublic-voz07--><!--desk-in-out-voz07--><br \/>\n<!--publicidad-voz08--><!--bestpublic-voz08--><!--desk-in-out-voz08--><br \/>\n<!--publicidad-voz09--><!--bestpublic-voz09--><!--desk-in-out-voz09--><br \/>\n<!--publicidad-voz10--><!--bestpublic-voz10--><!--desk-in-out-voz10--><br \/>\n<!--publicidad-voz11--><!--bestpublic-voz11--><!--desk-in-out-voz11--><br \/>\n<!--publicidad-voz12--><!--bestpublic-voz12--><!--desk-in-out-voz12--><br \/>\n<!--publicidad-voz13--><!--bestpublic-voz13--><!--desk-in-out-voz13--><br \/>\n<!--publicidad-voz14--><!--bestpublic-voz14--><!--desk-in-out-voz14--><br \/>\n<!--publicidad-voz15--><!--bestpublic-voz15--><!--desk-in-out-voz15--><br \/>\n<!--publicidad-voz16--><!--bestpublic-voz16--><!--desk-in-out-voz16--><\/p>\n","protected":false},"excerpt":{"rendered":"<p>La incertidumbre sobre el m\u00e1s all\u00e1, el reino de los cielos, ha acompa\u00f1ado al ser humano desde el comienzo de su evoluci\u00f3n.<\/p>\n","protected":false},"author":2,"featured_media":150081,"comment_status":"closed","ping_status":"closed","sticky":false,"template":"","format":"standard","meta":{"footnotes":""},"categories":[754,718,715,716,717],"tags":[],"class_list":["post-25092","post","type-post","status-publish","format-standard","has-post-thumbnail","hentry","category-blog-lv035","category-blogger","category-la-voz-de-hellin","category-la-voz-de-hellin-la-voz-de-hellin","category-noticias"],"_links":{"self":[{"href":"https:\/\/lavozdehellin.com\/noticias\/wp-json\/wp\/v2\/posts\/25092","targetHints":{"allow":["GET"]}}],"collection":[{"href":"https:\/\/lavozdehellin.com\/noticias\/wp-json\/wp\/v2\/posts"}],"about":[{"href":"https:\/\/lavozdehellin.com\/noticias\/wp-json\/wp\/v2\/types\/post"}],"author":[{"embeddable":true,"href":"https:\/\/lavozdehellin.com\/noticias\/wp-json\/wp\/v2\/users\/2"}],"replies":[{"embeddable":true,"href":"https:\/\/lavozdehellin.com\/noticias\/wp-json\/wp\/v2\/comments?post=25092"}],"version-history":[{"count":0,"href":"https:\/\/lavozdehellin.com\/noticias\/wp-json\/wp\/v2\/posts\/25092\/revisions"}],"wp:featuredmedia":[{"embeddable":true,"href":"https:\/\/lavozdehellin.com\/noticias\/wp-json\/wp\/v2\/media\/150081"}],"wp:attachment":[{"href":"https:\/\/lavozdehellin.com\/noticias\/wp-json\/wp\/v2\/media?parent=25092"}],"wp:term":[{"taxonomy":"category","embeddable":true,"href":"https:\/\/lavozdehellin.com\/noticias\/wp-json\/wp\/v2\/categories?post=25092"},{"taxonomy":"post_tag","embeddable":true,"href":"https:\/\/lavozdehellin.com\/noticias\/wp-json\/wp\/v2\/tags?post=25092"}],"curies":[{"name":"wp","href":"https:\/\/api.w.org\/{rel}","templated":true}]}}